{"id":190498,"date":"2026-03-06T11:38:22","date_gmt":"2026-03-06T10:38:22","guid":{"rendered":"https:\/\/bellesguardgaudi.com\/?p=190498"},"modified":"2026-03-06T12:31:23","modified_gmt":"2026-03-06T11:31:23","slug":"sabies-que-una-signatura-escrita-al-cel","status":"publish","type":"post","link":"https:\/\/bellesguardgaudi.com\/ca\/sabies-que-una-signatura-escrita-al-cel\/","title":{"rendered":"Sabies qu\u00e8? Una signatura escrita al cel"},"content":{"rendered":"<p><em>Per: Ferran Garc\u00e9s<\/em><\/p>\n<p>La creu de quatre bra\u00e7os \u00e9s un dels elements m\u00e9s representatius de l\u2019obra de Gaud\u00ed, fins al punt que sovint se l\u2019anomena la \u201ccreu gaudiniana\u201d. Cap altre arquitecte t\u00e9 una creu amb el seu nom. En certa manera, aquesta creu representa una mena de signatura, una signatura escrita al cel! Ara b\u00e9, en contra de la creen\u00e7a popular, nom\u00e9s la tenen uns pocs edificis de Gaud\u00ed. Quins s\u00f3n? Els descobrim!<\/p>\n<p><img loading=\"lazy\" decoding=\"async\" class=\"alignnone size-large wp-image-190499\" src=\"https:\/\/bellesguardgaudi.com\/wp-content\/uploads\/2026\/03\/Les-Creus-de-Gaudi-1024x683.jpg\" alt=\"\" width=\"900\" height=\"600\" srcset=\"https:\/\/bellesguardgaudi.com\/wp-content\/uploads\/2026\/03\/Les-Creus-de-Gaudi-1024x683.jpg 1024w, https:\/\/bellesguardgaudi.com\/wp-content\/uploads\/2026\/03\/Les-Creus-de-Gaudi-300x200.jpg 300w, https:\/\/bellesguardgaudi.com\/wp-content\/uploads\/2026\/03\/Les-Creus-de-Gaudi-768x512.jpg 768w, https:\/\/bellesguardgaudi.com\/wp-content\/uploads\/2026\/03\/Les-Creus-de-Gaudi-1536x1024.jpg 1536w, https:\/\/bellesguardgaudi.com\/wp-content\/uploads\/2026\/03\/Les-Creus-de-Gaudi-2048x1366.jpg 2048w, https:\/\/bellesguardgaudi.com\/wp-content\/uploads\/2026\/03\/Les-Creus-de-Gaudi-200x133.jpg 200w, https:\/\/bellesguardgaudi.com\/wp-content\/uploads\/2026\/03\/Les-Creus-de-Gaudi-400x267.jpg 400w, https:\/\/bellesguardgaudi.com\/wp-content\/uploads\/2026\/03\/Les-Creus-de-Gaudi-600x400.jpg 600w\" sizes=\"auto, (max-width: 900px) 100vw, 900px\" \/><\/p>\n<p><strong>Col\u00b7legi de les Teresianes (1888-1890)<\/strong><\/p>\n<p><img loading=\"lazy\" decoding=\"async\" class=\"alignnone size-large wp-image-190503\" src=\"https:\/\/bellesguardgaudi.com\/wp-content\/uploads\/2026\/03\/1.-Teresianes-1024x576.jpg\" alt=\"\" width=\"900\" height=\"506\" srcset=\"https:\/\/bellesguardgaudi.com\/wp-content\/uploads\/2026\/03\/1.-Teresianes-1024x576.jpg 1024w, https:\/\/bellesguardgaudi.com\/wp-content\/uploads\/2026\/03\/1.-Teresianes-300x169.jpg 300w, https:\/\/bellesguardgaudi.com\/wp-content\/uploads\/2026\/03\/1.-Teresianes-768x432.jpg 768w, https:\/\/bellesguardgaudi.com\/wp-content\/uploads\/2026\/03\/1.-Teresianes-1536x864.jpg 1536w, https:\/\/bellesguardgaudi.com\/wp-content\/uploads\/2026\/03\/1.-Teresianes-2048x1152.jpg 2048w, https:\/\/bellesguardgaudi.com\/wp-content\/uploads\/2026\/03\/1.-Teresianes-600x338.jpg 600w\" sizes=\"auto, (max-width: 900px) 100vw, 900px\" \/><\/p>\n<p>El debut va tenir lloc al terrat del Col\u00b7legi de les Teresianes, al\u00e7at entre 1888 i 1890. Per ser m\u00e9s exactes, la veiem a cadascun dels quatre angles de l\u2019edifici, envoltada de merlets que fan refer\u00e8ncia al \u201ccastell interior\u201d de Santa Teresa de Jes\u00fas, la te\u00f2loga que s&#8217;inspira l\u2019edifici.<\/p>\n<p>A l\u2019extrem de cada bra\u00e7 podem recon\u00e8ixer la pinya d\u2019un xiprer, tamb\u00e9 coneguda com a \u201cg\u00e0lbul\u201d. Aquest con, o estr\u00f2bil, s\u00edmbol de la vida eterna i la fe, fou la font \u00a0d\u2019inspiraci\u00f3 de l\u2019arquitecte per donar forma a la creu, que descansa sobre un petit pinacle i una columna helicoidal. Un \u00faltim detall curi\u00f3s, fixeu-vos que aqu\u00ed la creu \u00e9s de color vermell i no blanc com als seg\u00fcents edificis.<\/p>\n<p><strong><img loading=\"lazy\" decoding=\"async\" class=\"alignnone size-large wp-image-190507\" src=\"https:\/\/bellesguardgaudi.com\/wp-content\/uploads\/2026\/03\/REF_COLEGIO_TERESIA_CT6A7059-2-1024x590.jpg\" alt=\"\" width=\"900\" height=\"519\" srcset=\"https:\/\/bellesguardgaudi.com\/wp-content\/uploads\/2026\/03\/REF_COLEGIO_TERESIA_CT6A7059-2-1024x590.jpg 1024w, https:\/\/bellesguardgaudi.com\/wp-content\/uploads\/2026\/03\/REF_COLEGIO_TERESIA_CT6A7059-2-300x173.jpg 300w, https:\/\/bellesguardgaudi.com\/wp-content\/uploads\/2026\/03\/REF_COLEGIO_TERESIA_CT6A7059-2-768x442.jpg 768w, https:\/\/bellesguardgaudi.com\/wp-content\/uploads\/2026\/03\/REF_COLEGIO_TERESIA_CT6A7059-2-600x346.jpg 600w, https:\/\/bellesguardgaudi.com\/wp-content\/uploads\/2026\/03\/REF_COLEGIO_TERESIA_CT6A7059-2.jpg 1472w\" sizes=\"auto, (max-width: 900px) 100vw, 900px\" \/><\/strong><\/p>\n<p><strong>Torre Bellesguard (1901-1903)<\/strong><\/p>\n<p><img loading=\"lazy\" decoding=\"async\" class=\"alignnone size-large wp-image-190511\" src=\"https:\/\/bellesguardgaudi.com\/wp-content\/uploads\/2026\/03\/bellesguard_051-1024x769.jpg\" alt=\"\" width=\"900\" height=\"676\" srcset=\"https:\/\/bellesguardgaudi.com\/wp-content\/uploads\/2026\/03\/bellesguard_051-1024x769.jpg 1024w, https:\/\/bellesguardgaudi.com\/wp-content\/uploads\/2026\/03\/bellesguard_051-300x225.jpg 300w, https:\/\/bellesguardgaudi.com\/wp-content\/uploads\/2026\/03\/bellesguard_051-768x577.jpg 768w, https:\/\/bellesguardgaudi.com\/wp-content\/uploads\/2026\/03\/bellesguard_051-1536x1153.jpg 1536w, https:\/\/bellesguardgaudi.com\/wp-content\/uploads\/2026\/03\/bellesguard_051-2048x1538.jpg 2048w, https:\/\/bellesguardgaudi.com\/wp-content\/uploads\/2026\/03\/bellesguard_051-600x450.jpg 600w\" sizes=\"auto, (max-width: 900px) 100vw, 900px\" \/><\/p>\n<p>El segon edifici amb una creu de quatre puntes est\u00e0 molt a prop de l\u2019anterior, al Districte de Sarri\u00e0-Sant Gervasi, i com ell, tamb\u00e9 revesteix l\u2019aspecte d\u2019un castell medieval, donat que Gaud\u00ed es va inspirar en<a href=\"https:\/\/bellesguardgaudi.com\/sabias-que-bellesguard-antes-de-gaudi-castillo-y-jardin-parte-i\/\"> l\u2019antic castell de Bellesguard<\/a> constru\u00eft pel rei Mart\u00ed I l\u2019Hum\u00e0 al mateix indret.<\/p>\n<p>Aqu\u00ed, el pinacle \u00e9s m\u00e9s alt, i, sota la creu, destaquen dos s\u00edmbols que serveixen per rememorar el passat cavalleresc de la finca: les quatre barres del Casal de Barcelona i la corona del sobir\u00e0, l&#8217;\u00faltim monarca d\u2019aquesta dinastia. No hi ha una columna helicoidal, per\u00f2 les quatre barres estan disposats seguint el mateix patr\u00f3 geom\u00e8tric perqu\u00e8 es puguin veure des de qualsevol angle.<\/p>\n<p>Igual que a la Casa Batll\u00f3, que, de seguida esmentarem, s\u2019ha interpretat aquest pinacle com l&#8217;empunyadura de l\u2019espasa de Sant Jordi que mata al drac, representat a un dels angles de la mansarda, la forma del qual recorda al rostre de la temuda b\u00e8stia (vegeu:<a href=\"https:\/\/bellesguardgaudi.com\/ca\/sant-jordi-una-llegenda-feta-arquitectura\/\"> una llegenda feta arquitectura<\/a>). La Torre Bellesguard forma part d\u2019un projecte realitzat entre 1900 i 1909, per\u00f2 la casa principal es va construir entre 1901 i 1903, \u00e9s a dir, al mateix temps que la seg\u00fcent creu\u2026<\/p>\n<p><img loading=\"lazy\" decoding=\"async\" class=\"size-large wp-image-190515\" src=\"https:\/\/bellesguardgaudi.com\/wp-content\/uploads\/2026\/03\/0025316MB-921x1024.jpg\" alt=\"\" width=\"900\" height=\"1001\" srcset=\"https:\/\/bellesguardgaudi.com\/wp-content\/uploads\/2026\/03\/0025316MB-921x1024.jpg 921w, https:\/\/bellesguardgaudi.com\/wp-content\/uploads\/2026\/03\/0025316MB-270x300.jpg 270w, https:\/\/bellesguardgaudi.com\/wp-content\/uploads\/2026\/03\/0025316MB-768x854.jpg 768w, https:\/\/bellesguardgaudi.com\/wp-content\/uploads\/2026\/03\/0025316MB-1381x1536.jpg 1381w, https:\/\/bellesguardgaudi.com\/wp-content\/uploads\/2026\/03\/0025316MB-600x667.jpg 600w, https:\/\/bellesguardgaudi.com\/wp-content\/uploads\/2026\/03\/0025316MB.jpg 1409w\" sizes=\"auto, (max-width: 900px) 100vw, 900px\" \/><\/p>\n<p><strong>Park G\u00fcell (1901-1903)<\/strong><\/p>\n<p><img loading=\"lazy\" decoding=\"async\" class=\"alignnone size-large wp-image-190519\" src=\"https:\/\/bellesguardgaudi.com\/wp-content\/uploads\/2026\/03\/3.-Park-Guell-1024x576.jpg\" alt=\"\" width=\"900\" height=\"506\" srcset=\"https:\/\/bellesguardgaudi.com\/wp-content\/uploads\/2026\/03\/3.-Park-Guell-1024x576.jpg 1024w, https:\/\/bellesguardgaudi.com\/wp-content\/uploads\/2026\/03\/3.-Park-Guell-300x169.jpg 300w, https:\/\/bellesguardgaudi.com\/wp-content\/uploads\/2026\/03\/3.-Park-Guell-768x432.jpg 768w, https:\/\/bellesguardgaudi.com\/wp-content\/uploads\/2026\/03\/3.-Park-Guell-1536x864.jpg 1536w, https:\/\/bellesguardgaudi.com\/wp-content\/uploads\/2026\/03\/3.-Park-Guell-2048x1152.jpg 2048w, https:\/\/bellesguardgaudi.com\/wp-content\/uploads\/2026\/03\/3.-Park-Guell-600x338.jpg 600w\" sizes=\"auto, (max-width: 900px) 100vw, 900px\" \/><\/p>\n<p>En efecte, l\u2019entrada del Park G\u00fcell \u00e9s paral\u00b7lela a la casa principal de Torre Bellesguard. La configuren dos pavellons que ja no recorden a un castell medieval, sin\u00f3 a l\u2019est\u00e8tica per la qual \u00e9s m\u00e9s conegut Gaud\u00ed, una arquitectura plena de formes sinuoses, moviment i color. A la part superior d\u2019un d\u2019aquests pavellons destaca una alt\u00edssima agulla coronada, un cop m\u00e9s, amb la t\u00edpica creu gaudiniana. La decoraci\u00f3 blava i blanca del pinacle s\u2019ha interpretat com una refer\u00e8ncia a la bandera de Baviera, l\u2019estat alemany on el compositor Richard Wagner va desenvolupa gran part de la seva producci\u00f3 musical. Gaud\u00ed, com molts altres barcelonins del seu temps, era un gran aficionat de les seves \u00f2peres (v\u00e9geu: <a href=\"https:\/\/bellesguardgaudi.com\/ca\/la-musica-en-temps-de-gaudi-visita-al-palau-de-la-musica-catalana\/\">entre Wagner i les cancions populars catalanes<\/a>)<\/p>\n<p><img loading=\"lazy\" decoding=\"async\" class=\"alignnone size-large wp-image-190523\" src=\"https:\/\/bellesguardgaudi.com\/wp-content\/uploads\/2026\/03\/Barcelone_-_Parc_Guell_-_Entree-1024x684.jpg\" alt=\"\" width=\"900\" height=\"601\" srcset=\"https:\/\/bellesguardgaudi.com\/wp-content\/uploads\/2026\/03\/Barcelone_-_Parc_Guell_-_Entree-1024x684.jpg 1024w, https:\/\/bellesguardgaudi.com\/wp-content\/uploads\/2026\/03\/Barcelone_-_Parc_Guell_-_Entree-300x200.jpg 300w, https:\/\/bellesguardgaudi.com\/wp-content\/uploads\/2026\/03\/Barcelone_-_Parc_Guell_-_Entree-768x513.jpg 768w, https:\/\/bellesguardgaudi.com\/wp-content\/uploads\/2026\/03\/Barcelone_-_Parc_Guell_-_Entree-200x133.jpg 200w, https:\/\/bellesguardgaudi.com\/wp-content\/uploads\/2026\/03\/Barcelone_-_Parc_Guell_-_Entree-400x267.jpg 400w, https:\/\/bellesguardgaudi.com\/wp-content\/uploads\/2026\/03\/Barcelone_-_Parc_Guell_-_Entree-600x401.jpg 600w, https:\/\/bellesguardgaudi.com\/wp-content\/uploads\/2026\/03\/Barcelone_-_Parc_Guell_-_Entree.jpg 1280w\" sizes=\"auto, (max-width: 900px) 100vw, 900px\" \/><\/p>\n<p><strong>La porta de la Finca Miralles (1901)<\/strong><\/p>\n<p><img loading=\"lazy\" decoding=\"async\" class=\"alignnone size-large wp-image-190527\" src=\"https:\/\/bellesguardgaudi.com\/wp-content\/uploads\/2026\/03\/4.-Miralles-1024x576.jpg\" alt=\"\" width=\"900\" height=\"506\" srcset=\"https:\/\/bellesguardgaudi.com\/wp-content\/uploads\/2026\/03\/4.-Miralles-1024x576.jpg 1024w, https:\/\/bellesguardgaudi.com\/wp-content\/uploads\/2026\/03\/4.-Miralles-300x169.jpg 300w, https:\/\/bellesguardgaudi.com\/wp-content\/uploads\/2026\/03\/4.-Miralles-768x432.jpg 768w, https:\/\/bellesguardgaudi.com\/wp-content\/uploads\/2026\/03\/4.-Miralles-1536x864.jpg 1536w, https:\/\/bellesguardgaudi.com\/wp-content\/uploads\/2026\/03\/4.-Miralles-2048x1152.jpg 2048w, https:\/\/bellesguardgaudi.com\/wp-content\/uploads\/2026\/03\/4.-Miralles-600x338.jpg 600w\" sizes=\"auto, (max-width: 900px) 100vw, 900px\" \/><\/p>\n<p>La cer\u00e0mica i\/o el vidre \u00e9s el principal material emprat per Gaud\u00ed a les seves creus. N&#8217;hi ha una, tanmateix, que es va realitzar amb ferr\u00f3 forjat. Llueix al damunt de la portalada de l\u2019acc\u00e9s a una resid\u00e8ncia desapareguda avui en dia. Est\u00e0 al barri de Sarri\u00e0, molt proper al Col\u00b7legi de les Teresianes i Torre Bellesguard. Tots aquests edificis s\u2019ubiquen lluny del centre de Barcelona i no molts turistes els visiten. S\u00f3n, doncs, obres poc conegudes. Les \u00faltimes creus, en canvi, estan a l\u2019Eixample, coronant dues de les obres m\u00e9s populars de Gaud\u00ed.<\/p>\n<p><img loading=\"lazy\" decoding=\"async\" class=\"alignnone size-full wp-image-190531\" src=\"https:\/\/bellesguardgaudi.com\/wp-content\/uploads\/2026\/03\/940x643_miralles_img_31-2.jpg\" alt=\"\" width=\"940\" height=\"643\" srcset=\"https:\/\/bellesguardgaudi.com\/wp-content\/uploads\/2026\/03\/940x643_miralles_img_31-2.jpg 940w, https:\/\/bellesguardgaudi.com\/wp-content\/uploads\/2026\/03\/940x643_miralles_img_31-2-300x205.jpg 300w, https:\/\/bellesguardgaudi.com\/wp-content\/uploads\/2026\/03\/940x643_miralles_img_31-2-768x525.jpg 768w, https:\/\/bellesguardgaudi.com\/wp-content\/uploads\/2026\/03\/940x643_miralles_img_31-2-600x410.jpg 600w\" sizes=\"auto, (max-width: 940px) 100vw, 940px\" \/><\/p>\n<p><strong>\u00a0<\/strong><strong>Casa Batll\u00f3 (1904-1906)<\/strong><\/p>\n<p><img loading=\"lazy\" decoding=\"async\" class=\"alignnone size-large wp-image-190535\" src=\"https:\/\/bellesguardgaudi.com\/wp-content\/uploads\/2026\/03\/5.-Batllo-1024x576.jpg\" alt=\"\" width=\"900\" height=\"506\" srcset=\"https:\/\/bellesguardgaudi.com\/wp-content\/uploads\/2026\/03\/5.-Batllo-1024x576.jpg 1024w, https:\/\/bellesguardgaudi.com\/wp-content\/uploads\/2026\/03\/5.-Batllo-300x169.jpg 300w, https:\/\/bellesguardgaudi.com\/wp-content\/uploads\/2026\/03\/5.-Batllo-768x432.jpg 768w, https:\/\/bellesguardgaudi.com\/wp-content\/uploads\/2026\/03\/5.-Batllo-1536x864.jpg 1536w, https:\/\/bellesguardgaudi.com\/wp-content\/uploads\/2026\/03\/5.-Batllo-2048x1152.jpg 2048w, https:\/\/bellesguardgaudi.com\/wp-content\/uploads\/2026\/03\/5.-Batllo-600x338.jpg 600w\" sizes=\"auto, (max-width: 900px) 100vw, 900px\" \/><\/p>\n<p>La creu de quatre bra\u00e7os de la Casa Batll\u00f3 \u00e9s la primera \u201csignatura al cel\u201d de Gaud\u00ed al centre de Barcelona. En aquest edifici, el pinacle no sobresurt del terrat sin\u00f3 que est\u00e0 incrustat en la part alta de la fa\u00e7ana, que simula el llom d\u2019un drac, de manera que la creu representaria, segons una popular interpretaci\u00f3, l&#8217;empunyadura de l\u2019espasa de Sant Jordi.<\/p>\n<p>A la paret de la columna podem llegir els monogrames de la Sagrada Fam\u00edlia: JHS (\u00ab<em>Iesus Hominum Salvator<\/em>\u00bb, Jes\u00fas Salvador dels Homes), M (Maria) i JP (Josep). La creu, amb forma de bulb, va ser elaborat a Manacor (Mallorca). Durant molt temps, aquesta era l&#8217;\u00fanica creu gaudiniana al cor de la ciutat. Enguany, per\u00f2, t\u00e9 companyia&#8230;<\/p>\n<p><strong><img loading=\"lazy\" decoding=\"async\" class=\"alignnone size-large wp-image-190539\" src=\"https:\/\/bellesguardgaudi.com\/wp-content\/uploads\/2026\/03\/1280px-Casa_Batllo_01-1024x759.jpg\" alt=\"\" width=\"900\" height=\"667\" srcset=\"https:\/\/bellesguardgaudi.com\/wp-content\/uploads\/2026\/03\/1280px-Casa_Batllo_01-1024x759.jpg 1024w, https:\/\/bellesguardgaudi.com\/wp-content\/uploads\/2026\/03\/1280px-Casa_Batllo_01-300x222.jpg 300w, https:\/\/bellesguardgaudi.com\/wp-content\/uploads\/2026\/03\/1280px-Casa_Batllo_01-768x569.jpg 768w, https:\/\/bellesguardgaudi.com\/wp-content\/uploads\/2026\/03\/1280px-Casa_Batllo_01-600x445.jpg 600w, https:\/\/bellesguardgaudi.com\/wp-content\/uploads\/2026\/03\/1280px-Casa_Batllo_01.jpg 1280w\" sizes=\"auto, (max-width: 900px) 100vw, 900px\" \/><\/strong><\/p>\n<p><strong>Sagrada Fam\u00edlia (1883-2026)<\/strong><\/p>\n<p><img loading=\"lazy\" decoding=\"async\" class=\"alignnone size-full wp-image-190543\" src=\"https:\/\/bellesguardgaudi.com\/wp-content\/uploads\/2026\/03\/6.-Sagrada-Familia.jpg\" alt=\"\" width=\"500\" height=\"500\" srcset=\"https:\/\/bellesguardgaudi.com\/wp-content\/uploads\/2026\/03\/6.-Sagrada-Familia.jpg 500w, https:\/\/bellesguardgaudi.com\/wp-content\/uploads\/2026\/03\/6.-Sagrada-Familia-300x300.jpg 300w, https:\/\/bellesguardgaudi.com\/wp-content\/uploads\/2026\/03\/6.-Sagrada-Familia-150x150.jpg 150w, https:\/\/bellesguardgaudi.com\/wp-content\/uploads\/2026\/03\/6.-Sagrada-Familia-100x100.jpg 100w\" sizes=\"auto, (max-width: 500px) 100vw, 500px\" \/><\/p>\n<p>Gaud\u00ed va assumir el projecte de la Sagrada Fam\u00edlia el 3 de novembre de 1883, \u00e9s a dir, molt abans de qualsevol dels edificis que hem vist fins ara. Ara b\u00e9, la culminaci\u00f3 de la seva \u00faltima creu de quatre puntes ha hagut d\u2019esperar m\u00e9s de cent i quaranta anys.<\/p>\n<p>Llueix al damunt del pinacle m\u00e9s alt de cap edifici de Gaud\u00ed. De fet, des del 20 de febrer d\u2019aquest any, la Sagrada Fam\u00edlia de Barcelona \u00e9s l\u2019esgl\u00e9sia m\u00e9s alta del m\u00f3n, amb 172,5 metres, gr\u00e0cies a la creu de quatre puntes que corona la torre de Jesucrist. Una al\u00e7\u00e0ria que no sobrepassa els 177 metres de la muntanya de Montju\u00efc, respectant aix\u00ed el l\u00edmit natural que l\u2019arquitecte considerava \u201cl\u2019obra de Deu\u201d. No en va, a la base del terminal de la torre, figura la seg\u00fcent inscripci\u00f3:\u00a0\u00ab<em>Tu solus Sanctus, tu solus Dominus, tu solus Altissimus<\/em>\u00bb\u00a0(\u2018V\u00f3s sou l\u2019\u00fanic Sant, v\u00f3s l\u2019\u00fanic Senyor, v\u00f3s l\u2019\u00fanic Alt\u00edssim\u2019)<\/p>\n<p>L\u2019assoliment no implica el final del temple perqu\u00e8 encara falta construir la fa\u00e7ana de la Gl\u00f2ria, una obra for\u00e7a pol\u00e8mica a causa del te\u00f2ric enderroc d\u2019edificis necessari per a la seva realitzaci\u00f3. Ara b\u00e9, aquesta fa\u00e7ana, si s\u2019acaba realitzant, far\u00e0 el temple m\u00e9s ample, per\u00f2 no m\u00e9s alt. Des del punt de vista de la seva verticalitat, la creu si culmina el projecte original de Gaud\u00ed. Una creu nascuda de la contemplaci\u00f3 del xiprer, l\u2019arbre que millor suggereix la verticalitat i, com tal, la recerca del cel. D\u2019altra banda, els seus quatre bra\u00e7os representen els punts cardinals, \u00e9s a dir, la totalitat de l\u2019espai circumdant. Qu\u00e8 millor signatura per un arquitecte que aquest s\u00edmbol?&#8230;<\/p>\n<p><img loading=\"lazy\" decoding=\"async\" class=\"alignnone size-full wp-image-190547\" src=\"https:\/\/bellesguardgaudi.com\/wp-content\/uploads\/2026\/03\/creu-sagrada-familia-general-040326-768x432-1.jpg\" alt=\"\" width=\"768\" height=\"432\" srcset=\"https:\/\/bellesguardgaudi.com\/wp-content\/uploads\/2026\/03\/creu-sagrada-familia-general-040326-768x432-1.jpg 768w, https:\/\/bellesguardgaudi.com\/wp-content\/uploads\/2026\/03\/creu-sagrada-familia-general-040326-768x432-1-300x169.jpg 300w, https:\/\/bellesguardgaudi.com\/wp-content\/uploads\/2026\/03\/creu-sagrada-familia-general-040326-768x432-1-600x338.jpg 600w\" sizes=\"auto, (max-width: 768px) 100vw, 768px\" \/><\/p>\n","protected":false},"excerpt":{"rendered":"<p>Per: Ferran Garc\u00e9s La creu de quatre bra\u00e7os \u00e9s un dels elements m\u00e9s representatius de l\u2019obra de Gaud\u00ed, fins al punt que sovint se l\u2019anomena la \u201ccreu gaudiniana\u201d. Cap altre arquitecte t\u00e9 una creu amb el seu nom. En certa manera, aquesta creu representa una mena de signatura, una signatura escrita al cel! Ara b\u00e9, [&hellip;]<\/p>\n","protected":false},"author":6,"featured_media":190499,"comment_status":"closed","ping_status":"closed","sticky":false,"template":"","format":"standard","meta":{"_acf_changed":false,"footnotes":""},"categories":[46],"tags":[],"class_list":["post-190498","post","type-post","status-publish","format-standard","has-post-thumbnail","hentry","category-saps-que"],"acf":[],"yoast_head":"<!-- This site is optimized with the Yoast SEO plugin v27.2 - https:\/\/yoast.com\/product\/yoast-seo-wordpress\/ -->\n<title>Sabies qu\u00e8? Una signatura escrita al cel - Obra Modernista de Antoni Gaud\u00ed en Barcelona | Torre Bellesguard<\/title>\n<meta name=\"robots\" content=\"index, follow, max-snippet:-1, max-image-preview:large, max-video-preview:-1\" \/>\n<link rel=\"canonical\" href=\"https:\/\/bellesguardgaudi.com\/ca\/sabies-que-una-signatura-escrita-al-cel\/\" \/>\n<meta property=\"og:locale\" content=\"ca_ES\" \/>\n<meta property=\"og:type\" content=\"article\" \/>\n<meta property=\"og:title\" content=\"Sabies qu\u00e8? Una signatura escrita al cel - Obra Modernista de Antoni Gaud\u00ed en Barcelona | Torre Bellesguard\" \/>\n<meta property=\"og:description\" content=\"Per: Ferran Garc\u00e9s La creu de quatre bra\u00e7os \u00e9s un dels elements m\u00e9s representatius de l\u2019obra de Gaud\u00ed, fins al punt que sovint se l\u2019anomena la \u201ccreu gaudiniana\u201d. Cap altre arquitecte t\u00e9 una creu amb el seu nom. En certa manera, aquesta creu representa una mena de signatura, una signatura escrita al cel! Ara b\u00e9, [&hellip;]\" \/>\n<meta property=\"og:url\" content=\"https:\/\/bellesguardgaudi.com\/ca\/sabies-que-una-signatura-escrita-al-cel\/\" \/>\n<meta property=\"og:site_name\" content=\"Obra Modernista de Antoni Gaud\u00ed en Barcelona | Torre Bellesguard\" \/>\n<meta property=\"article:published_time\" content=\"2026-03-06T10:38:22+00:00\" \/>\n<meta property=\"article:modified_time\" content=\"2026-03-06T11:31:23+00:00\" \/>\n<meta property=\"og:image\" content=\"https:\/\/bellesguardgaudi.com\/wp-content\/uploads\/2026\/03\/Les-Creus-de-Gaudi-scaled.jpg\" \/>\n\t<meta property=\"og:image:width\" content=\"2560\" \/>\n\t<meta property=\"og:image:height\" content=\"1707\" \/>\n\t<meta property=\"og:image:type\" content=\"image\/jpeg\" \/>\n<meta name=\"author\" content=\"Torre Bellesguard\" \/>\n<meta name=\"twitter:card\" content=\"summary_large_image\" \/>\n<meta name=\"twitter:label1\" content=\"Escrit per\" \/>\n\t<meta name=\"twitter:data1\" content=\"Torre Bellesguard\" \/>\n\t<meta name=\"twitter:label2\" content=\"Temps estimat de lectura\" \/>\n\t<meta name=\"twitter:data2\" content=\"8 minuts\" \/>\n<script type=\"application\/ld+json\" class=\"yoast-schema-graph\">{\"@context\":\"https:\/\/schema.org\",\"@graph\":[{\"@type\":\"Article\",\"@id\":\"https:\/\/bellesguardgaudi.com\/ca\/sabies-que-una-signatura-escrita-al-cel\/#article\",\"isPartOf\":{\"@id\":\"https:\/\/bellesguardgaudi.com\/ca\/sabies-que-una-signatura-escrita-al-cel\/\"},\"author\":{\"name\":\"Torre Bellesguard\",\"@id\":\"https:\/\/bellesguardgaudi.com\/ca\/#\/schema\/person\/57a35d8075a6142d4d7ef9ebd8586c79\"},\"headline\":\"Sabies qu\u00e8? Una signatura escrita al cel\",\"datePublished\":\"2026-03-06T10:38:22+00:00\",\"dateModified\":\"2026-03-06T11:31:23+00:00\",\"mainEntityOfPage\":{\"@id\":\"https:\/\/bellesguardgaudi.com\/ca\/sabies-que-una-signatura-escrita-al-cel\/\"},\"wordCount\":1130,\"image\":{\"@id\":\"https:\/\/bellesguardgaudi.com\/ca\/sabies-que-una-signatura-escrita-al-cel\/#primaryimage\"},\"thumbnailUrl\":\"https:\/\/bellesguardgaudi.com\/wp-content\/uploads\/2026\/03\/Les-Creus-de-Gaudi-scaled.jpg\",\"articleSection\":[\"Sabies qu\u00e8?\"],\"inLanguage\":\"ca\"},{\"@type\":\"WebPage\",\"@id\":\"https:\/\/bellesguardgaudi.com\/ca\/sabies-que-una-signatura-escrita-al-cel\/\",\"url\":\"https:\/\/bellesguardgaudi.com\/ca\/sabies-que-una-signatura-escrita-al-cel\/\",\"name\":\"Sabies qu\u00e8? Una signatura escrita al cel - Obra Modernista de Antoni Gaud\u00ed en Barcelona | Torre Bellesguard\",\"isPartOf\":{\"@id\":\"https:\/\/bellesguardgaudi.com\/ca\/#website\"},\"primaryImageOfPage\":{\"@id\":\"https:\/\/bellesguardgaudi.com\/ca\/sabies-que-una-signatura-escrita-al-cel\/#primaryimage\"},\"image\":{\"@id\":\"https:\/\/bellesguardgaudi.com\/ca\/sabies-que-una-signatura-escrita-al-cel\/#primaryimage\"},\"thumbnailUrl\":\"https:\/\/bellesguardgaudi.com\/wp-content\/uploads\/2026\/03\/Les-Creus-de-Gaudi-scaled.jpg\",\"datePublished\":\"2026-03-06T10:38:22+00:00\",\"dateModified\":\"2026-03-06T11:31:23+00:00\",\"author\":{\"@id\":\"https:\/\/bellesguardgaudi.com\/ca\/#\/schema\/person\/57a35d8075a6142d4d7ef9ebd8586c79\"},\"breadcrumb\":{\"@id\":\"https:\/\/bellesguardgaudi.com\/ca\/sabies-que-una-signatura-escrita-al-cel\/#breadcrumb\"},\"inLanguage\":\"ca\",\"potentialAction\":[{\"@type\":\"ReadAction\",\"target\":[\"https:\/\/bellesguardgaudi.com\/ca\/sabies-que-una-signatura-escrita-al-cel\/\"]}]},{\"@type\":\"ImageObject\",\"inLanguage\":\"ca\",\"@id\":\"https:\/\/bellesguardgaudi.com\/ca\/sabies-que-una-signatura-escrita-al-cel\/#primaryimage\",\"url\":\"https:\/\/bellesguardgaudi.com\/wp-content\/uploads\/2026\/03\/Les-Creus-de-Gaudi-scaled.jpg\",\"contentUrl\":\"https:\/\/bellesguardgaudi.com\/wp-content\/uploads\/2026\/03\/Les-Creus-de-Gaudi-scaled.jpg\",\"width\":2560,\"height\":1707},{\"@type\":\"BreadcrumbList\",\"@id\":\"https:\/\/bellesguardgaudi.com\/ca\/sabies-que-una-signatura-escrita-al-cel\/#breadcrumb\",\"itemListElement\":[{\"@type\":\"ListItem\",\"position\":1,\"name\":\"Portada\",\"item\":\"https:\/\/bellesguardgaudi.com\/ca\/\"},{\"@type\":\"ListItem\",\"position\":2,\"name\":\"Sabies qu\u00e8? Una signatura escrita al cel\"}]},{\"@type\":\"WebSite\",\"@id\":\"https:\/\/bellesguardgaudi.com\/ca\/#website\",\"url\":\"https:\/\/bellesguardgaudi.com\/ca\/\",\"name\":\"Obra Modernista de Antoni Gaud\u00ed en Barcelona | Torre Bellesguard\",\"description\":\"Web oficial de la Torre Bellesguard. Una de las obras m\u00e1s personales del arquitecto modernista Gaud\u00ed en Barcelona. \u00a1Vis\u00edtala sin colas ni aglomeraciones!\",\"potentialAction\":[{\"@type\":\"SearchAction\",\"target\":{\"@type\":\"EntryPoint\",\"urlTemplate\":\"https:\/\/bellesguardgaudi.com\/ca\/?s={search_term_string}\"},\"query-input\":{\"@type\":\"PropertyValueSpecification\",\"valueRequired\":true,\"valueName\":\"search_term_string\"}}],\"inLanguage\":\"ca\"},{\"@type\":\"Person\",\"@id\":\"https:\/\/bellesguardgaudi.com\/ca\/#\/schema\/person\/57a35d8075a6142d4d7ef9ebd8586c79\",\"name\":\"Torre Bellesguard\",\"image\":{\"@type\":\"ImageObject\",\"inLanguage\":\"ca\",\"@id\":\"https:\/\/secure.gravatar.com\/avatar\/af6277d0e6df1d2b58dacb18fc37ab8a5a51ef5399cb7e7fe29bdd1381b832ff?s=96&d=mm&r=g\",\"url\":\"https:\/\/secure.gravatar.com\/avatar\/af6277d0e6df1d2b58dacb18fc37ab8a5a51ef5399cb7e7fe29bdd1381b832ff?s=96&d=mm&r=g\",\"contentUrl\":\"https:\/\/secure.gravatar.com\/avatar\/af6277d0e6df1d2b58dacb18fc37ab8a5a51ef5399cb7e7fe29bdd1381b832ff?s=96&d=mm&r=g\",\"caption\":\"Torre Bellesguard\"}}]}<\/script>\n<!-- \/ Yoast SEO plugin. -->","yoast_head_json":{"title":"Sabies qu\u00e8? Una signatura escrita al cel - Obra Modernista de Antoni Gaud\u00ed en Barcelona | Torre Bellesguard","robots":{"index":"index","follow":"follow","max-snippet":"max-snippet:-1","max-image-preview":"max-image-preview:large","max-video-preview":"max-video-preview:-1"},"canonical":"https:\/\/bellesguardgaudi.com\/ca\/sabies-que-una-signatura-escrita-al-cel\/","og_locale":"ca_ES","og_type":"article","og_title":"Sabies qu\u00e8? Una signatura escrita al cel - Obra Modernista de Antoni Gaud\u00ed en Barcelona | Torre Bellesguard","og_description":"Per: Ferran Garc\u00e9s La creu de quatre bra\u00e7os \u00e9s un dels elements m\u00e9s representatius de l\u2019obra de Gaud\u00ed, fins al punt que sovint se l\u2019anomena la \u201ccreu gaudiniana\u201d. Cap altre arquitecte t\u00e9 una creu amb el seu nom. En certa manera, aquesta creu representa una mena de signatura, una signatura escrita al cel! Ara b\u00e9, [&hellip;]","og_url":"https:\/\/bellesguardgaudi.com\/ca\/sabies-que-una-signatura-escrita-al-cel\/","og_site_name":"Obra Modernista de Antoni Gaud\u00ed en Barcelona | Torre Bellesguard","article_published_time":"2026-03-06T10:38:22+00:00","article_modified_time":"2026-03-06T11:31:23+00:00","og_image":[{"width":2560,"height":1707,"url":"https:\/\/bellesguardgaudi.com\/wp-content\/uploads\/2026\/03\/Les-Creus-de-Gaudi-scaled.jpg","type":"image\/jpeg"}],"author":"Torre Bellesguard","twitter_card":"summary_large_image","twitter_misc":{"Escrit per":"Torre Bellesguard","Temps estimat de lectura":"8 minuts"},"schema":{"@context":"https:\/\/schema.org","@graph":[{"@type":"Article","@id":"https:\/\/bellesguardgaudi.com\/ca\/sabies-que-una-signatura-escrita-al-cel\/#article","isPartOf":{"@id":"https:\/\/bellesguardgaudi.com\/ca\/sabies-que-una-signatura-escrita-al-cel\/"},"author":{"name":"Torre Bellesguard","@id":"https:\/\/bellesguardgaudi.com\/ca\/#\/schema\/person\/57a35d8075a6142d4d7ef9ebd8586c79"},"headline":"Sabies qu\u00e8? Una signatura escrita al cel","datePublished":"2026-03-06T10:38:22+00:00","dateModified":"2026-03-06T11:31:23+00:00","mainEntityOfPage":{"@id":"https:\/\/bellesguardgaudi.com\/ca\/sabies-que-una-signatura-escrita-al-cel\/"},"wordCount":1130,"image":{"@id":"https:\/\/bellesguardgaudi.com\/ca\/sabies-que-una-signatura-escrita-al-cel\/#primaryimage"},"thumbnailUrl":"https:\/\/bellesguardgaudi.com\/wp-content\/uploads\/2026\/03\/Les-Creus-de-Gaudi-scaled.jpg","articleSection":["Sabies qu\u00e8?"],"inLanguage":"ca"},{"@type":"WebPage","@id":"https:\/\/bellesguardgaudi.com\/ca\/sabies-que-una-signatura-escrita-al-cel\/","url":"https:\/\/bellesguardgaudi.com\/ca\/sabies-que-una-signatura-escrita-al-cel\/","name":"Sabies qu\u00e8? Una signatura escrita al cel - Obra Modernista de Antoni Gaud\u00ed en Barcelona | Torre Bellesguard","isPartOf":{"@id":"https:\/\/bellesguardgaudi.com\/ca\/#website"},"primaryImageOfPage":{"@id":"https:\/\/bellesguardgaudi.com\/ca\/sabies-que-una-signatura-escrita-al-cel\/#primaryimage"},"image":{"@id":"https:\/\/bellesguardgaudi.com\/ca\/sabies-que-una-signatura-escrita-al-cel\/#primaryimage"},"thumbnailUrl":"https:\/\/bellesguardgaudi.com\/wp-content\/uploads\/2026\/03\/Les-Creus-de-Gaudi-scaled.jpg","datePublished":"2026-03-06T10:38:22+00:00","dateModified":"2026-03-06T11:31:23+00:00","author":{"@id":"https:\/\/bellesguardgaudi.com\/ca\/#\/schema\/person\/57a35d8075a6142d4d7ef9ebd8586c79"},"breadcrumb":{"@id":"https:\/\/bellesguardgaudi.com\/ca\/sabies-que-una-signatura-escrita-al-cel\/#breadcrumb"},"inLanguage":"ca","potentialAction":[{"@type":"ReadAction","target":["https:\/\/bellesguardgaudi.com\/ca\/sabies-que-una-signatura-escrita-al-cel\/"]}]},{"@type":"ImageObject","inLanguage":"ca","@id":"https:\/\/bellesguardgaudi.com\/ca\/sabies-que-una-signatura-escrita-al-cel\/#primaryimage","url":"https:\/\/bellesguardgaudi.com\/wp-content\/uploads\/2026\/03\/Les-Creus-de-Gaudi-scaled.jpg","contentUrl":"https:\/\/bellesguardgaudi.com\/wp-content\/uploads\/2026\/03\/Les-Creus-de-Gaudi-scaled.jpg","width":2560,"height":1707},{"@type":"BreadcrumbList","@id":"https:\/\/bellesguardgaudi.com\/ca\/sabies-que-una-signatura-escrita-al-cel\/#breadcrumb","itemListElement":[{"@type":"ListItem","position":1,"name":"Portada","item":"https:\/\/bellesguardgaudi.com\/ca\/"},{"@type":"ListItem","position":2,"name":"Sabies qu\u00e8? Una signatura escrita al cel"}]},{"@type":"WebSite","@id":"https:\/\/bellesguardgaudi.com\/ca\/#website","url":"https:\/\/bellesguardgaudi.com\/ca\/","name":"Obra Modernista de Antoni Gaud\u00ed en Barcelona | Torre Bellesguard","description":"Web oficial de la Torre Bellesguard. Una de las obras m\u00e1s personales del arquitecto modernista Gaud\u00ed en Barcelona. \u00a1Vis\u00edtala sin colas ni aglomeraciones!","potentialAction":[{"@type":"SearchAction","target":{"@type":"EntryPoint","urlTemplate":"https:\/\/bellesguardgaudi.com\/ca\/?s={search_term_string}"},"query-input":{"@type":"PropertyValueSpecification","valueRequired":true,"valueName":"search_term_string"}}],"inLanguage":"ca"},{"@type":"Person","@id":"https:\/\/bellesguardgaudi.com\/ca\/#\/schema\/person\/57a35d8075a6142d4d7ef9ebd8586c79","name":"Torre Bellesguard","image":{"@type":"ImageObject","inLanguage":"ca","@id":"https:\/\/secure.gravatar.com\/avatar\/af6277d0e6df1d2b58dacb18fc37ab8a5a51ef5399cb7e7fe29bdd1381b832ff?s=96&d=mm&r=g","url":"https:\/\/secure.gravatar.com\/avatar\/af6277d0e6df1d2b58dacb18fc37ab8a5a51ef5399cb7e7fe29bdd1381b832ff?s=96&d=mm&r=g","contentUrl":"https:\/\/secure.gravatar.com\/avatar\/af6277d0e6df1d2b58dacb18fc37ab8a5a51ef5399cb7e7fe29bdd1381b832ff?s=96&d=mm&r=g","caption":"Torre Bellesguard"}}]}},"_links":{"self":[{"href":"https:\/\/bellesguardgaudi.com\/ca\/wp-json\/wp\/v2\/posts\/190498","targetHints":{"allow":["GET"]}}],"collection":[{"href":"https:\/\/bellesguardgaudi.com\/ca\/wp-json\/wp\/v2\/posts"}],"about":[{"href":"https:\/\/bellesguardgaudi.com\/ca\/wp-json\/wp\/v2\/types\/post"}],"author":[{"embeddable":true,"href":"https:\/\/bellesguardgaudi.com\/ca\/wp-json\/wp\/v2\/users\/6"}],"replies":[{"embeddable":true,"href":"https:\/\/bellesguardgaudi.com\/ca\/wp-json\/wp\/v2\/comments?post=190498"}],"version-history":[{"count":5,"href":"https:\/\/bellesguardgaudi.com\/ca\/wp-json\/wp\/v2\/posts\/190498\/revisions"}],"predecessor-version":[{"id":190579,"href":"https:\/\/bellesguardgaudi.com\/ca\/wp-json\/wp\/v2\/posts\/190498\/revisions\/190579"}],"wp:featuredmedia":[{"embeddable":true,"href":"https:\/\/bellesguardgaudi.com\/ca\/wp-json\/wp\/v2\/media\/190499"}],"wp:attachment":[{"href":"https:\/\/bellesguardgaudi.com\/ca\/wp-json\/wp\/v2\/media?parent=190498"}],"wp:term":[{"taxonomy":"category","embeddable":true,"href":"https:\/\/bellesguardgaudi.com\/ca\/wp-json\/wp\/v2\/categories?post=190498"},{"taxonomy":"post_tag","embeddable":true,"href":"https:\/\/bellesguardgaudi.com\/ca\/wp-json\/wp\/v2\/tags?post=190498"}],"curies":[{"name":"wp","href":"https:\/\/api.w.org\/{rel}","templated":true}]}}