{"id":45826,"date":"2025-05-22T09:42:13","date_gmt":"2025-05-22T07:42:13","guid":{"rendered":"https:\/\/bellesguardgaudi.com\/?p=45826"},"modified":"2025-05-22T09:42:13","modified_gmt":"2025-05-22T07:42:13","slug":"agenda-la-fira-modernista-domenech-i-muntaner","status":"publish","type":"post","link":"https:\/\/bellesguardgaudi.com\/ca\/agenda-la-fira-modernista-domenech-i-muntaner\/","title":{"rendered":"Agenda: La Fira Modernista, Dom\u00e8nech i Muntaner"},"content":{"rendered":"<p><em>Per: Ferran Garc\u00e9s<\/em><\/p>\n<p>&nbsp;<\/p>\n<p>La primera edici\u00f3 de la Fira Modernista de Barcelona es va organitzar l\u2018any 2005. Aleshores, els promotors van expressar el seu desig de qu\u00e8 aquella edici\u00f3 fos un bon comen\u00e7ament i que la Fira creix\u00e9s.<\/p>\n<p>&nbsp;<\/p>\n<p>El 2023, l\u2019any de la 17a edici\u00f3, podem confirmar que aquell desig s\u2019ha realitzat plenament. Enguany, la Fira Modernista \u00e9s una de les festes m\u00e9s destacades de la ciutat. Torre Bellesguard hi participa des del 2016 amb una parada doble.<\/p>\n<p><img loading=\"lazy\" decoding=\"async\" class=\"alignnone wp-image-45852\" src=\"https:\/\/bellesguardgaudi.com\/wp-content\/uploads\/2023\/05\/image_6483441-300x169.jpg\" alt=\"\" width=\"749\" height=\"422\" srcset=\"https:\/\/bellesguardgaudi.com\/wp-content\/uploads\/2023\/05\/image_6483441-300x169.jpg 300w, https:\/\/bellesguardgaudi.com\/wp-content\/uploads\/2023\/05\/image_6483441-1024x576.jpg 1024w, https:\/\/bellesguardgaudi.com\/wp-content\/uploads\/2023\/05\/image_6483441-768x432.jpg 768w, https:\/\/bellesguardgaudi.com\/wp-content\/uploads\/2023\/05\/image_6483441-1536x864.jpg 1536w, https:\/\/bellesguardgaudi.com\/wp-content\/uploads\/2023\/05\/image_6483441-600x338.jpg 600w, https:\/\/bellesguardgaudi.com\/wp-content\/uploads\/2023\/05\/image_6483441.jpg 1600w\" sizes=\"auto, (max-width: 749px) 100vw, 749px\" \/><\/p>\n<p>La Fira es dedica cada any a un personatge, a una obra o a un tema concret d\u2019aquest per\u00edode art\u00edstic i cultural. El protagonista triat aquest any ser\u00e0 motiu de doble homenatge, perqu\u00e8\u00a0 l\u2019Ajuntament de Barcelona s\u2019ha coordinat amb Canet de Mar i Reus per aconseguir que la Generalitat declar\u00ed no nom\u00e9s la Fira Modernista sin\u00f3 tot el 2023 com l\u2019any de Llu\u00eds Dom\u00e8nech i Montaner (1849-1923), en commemoraci\u00f3 dels cent anys de la seva mort. La rellev\u00e0ncia de Canet de Mar i Reus ve del fet que moltes de les obres d\u2019aquest arquitecte, a m\u00e9s a m\u00e9s de Barcelona, es van edificar en aquestes poblacions. A Canet de Mar es troba, entre altres, la Casa Dom\u00e8nech, seu de la <a href=\"https:\/\/www.canetdemar.cat\/document.php?id=2805\">Casa Museu Llu\u00eds Dom\u00e8nech i Montaner<\/a>, i, a Reus, \u00a0l\u2019Institut Pere Mata, Casa Nav\u00e0s o Casa Gasull (m\u00e9s info: <a href=\"https:\/\/domenechimontaner.reus.cat\/\">\u201cL\u2019arquitecte que va transformar Reus\u201d<\/a>)<\/p>\n<p><img loading=\"lazy\" decoding=\"async\" class=\"alignnone wp-image-45844\" src=\"https:\/\/bellesguardgaudi.com\/wp-content\/uploads\/2023\/05\/casa-domenech-canet-de-mar_c3a78071_800x600-300x225.jpg\" alt=\"\" width=\"644\" height=\"483\" srcset=\"https:\/\/bellesguardgaudi.com\/wp-content\/uploads\/2023\/05\/casa-domenech-canet-de-mar_c3a78071_800x600-300x225.jpg 300w, https:\/\/bellesguardgaudi.com\/wp-content\/uploads\/2023\/05\/casa-domenech-canet-de-mar_c3a78071_800x600-768x576.jpg 768w, https:\/\/bellesguardgaudi.com\/wp-content\/uploads\/2023\/05\/casa-domenech-canet-de-mar_c3a78071_800x600-600x450.jpg 600w, https:\/\/bellesguardgaudi.com\/wp-content\/uploads\/2023\/05\/casa-domenech-canet-de-mar_c3a78071_800x600.jpg 800w\" sizes=\"auto, (max-width: 644px) 100vw, 644px\" \/><\/p>\n<p>La resta d\u2019obres de Dom\u00e8nech Montaner es troben a Badalona, L\u2019Espluga de Francoli, Esplugues de Llobregat, Olot i Tarragona, i fora de Catalunya, a Palma i a Cant\u00e0bria.<\/p>\n<p>&nbsp;<\/p>\n<p><strong>Una breu biografia<\/strong><\/p>\n<p>En l\u2019\u00e0mbit est\u00e8tic, la relaci\u00f3 de Dom\u00e8nech i Montaner amb el modernisme catal\u00e0 \u00e9s total. Primer, fou un gran viatger i estudi\u00f3s de l\u2019art, que parlava cinc idiomes, incl\u00f2s l\u2019esperanto. Gr\u00e0cies a aquestes inquietuds, l\u2019arquitecte barcelon\u00ed va servir de pont entre les diferents novetats art\u00edstiques del seu temps i Catalunya. De fet,<\/p>\n<p>Dom\u00e8nech i Montaner, un distingit professor d\u2019arquitectura, va formar futurs genis com Gaud\u00ed, Puig i Cadafalch, o Jujol.<\/p>\n<p>Dom\u00e8nech i Montaner tamb\u00e9 va ser un dels grans personatges de la societat del seu temps, a causa de les seves idees pol\u00edtiques, marcades per un fort catalanisme, com va ser el cas d\u2019Antoni Gaud\u00ed. En tant que impulsor de la Lliga Regionalista, aleshores un moviment hegem\u00f2nic de Catalunya, Dom\u00e8nech i Montaner fins i tot va arribar a ser diputat a les corts espanyoles. A m\u00e9s a m\u00e9s, va trobar temps per col\u00b7laborar amb les principals publicacions catalanes del moment &#8211;<em>La Renaixen\u00e7a<\/em>, <em>Lo Catalanista<\/em>, <em>Revista de Catalunya<\/em>, <em>El Diluvio<\/em> i <em>La Veu de Catalunya<\/em>-, fundar el setmanari <em>El Poble Catal\u00e0<\/em>, i publicar nombrosos llibres.<\/p>\n<p>&nbsp;<\/p>\n<p>Antoni Gaud\u00ed va realitzar Torre Bellesguard entre 1900 i 1909, coincidint amb altres destacades obres seves com la Casa Batll\u00f3 (1904-1906) i la Pedrera ( 1906-1912). De manera paral\u00b7lela, en aquest per\u00edode, Dom\u00e8nech Montaner, va dur a terme tamb\u00e9 algunes de les seves obres m\u00e9s conegudes, com la Casa Nav\u00e0s (1901-1907), a Reus, o el Palau de la M\u00fasica Catalana (1905-1908) i Casa Fuster (1908), a Barcelona. Avui, aquestes obres continuen sent motiu d\u2019admiraci\u00f3 i testimoni d\u2019una \u00e8poca daurada de la cultura i hist\u00f2ria de Barcelona i Catalunya.<\/p>\n<p><img loading=\"lazy\" decoding=\"async\" class=\"alignnone wp-image-45848\" src=\"https:\/\/bellesguardgaudi.com\/wp-content\/uploads\/2023\/05\/palau-de-la-musica-portada-1-300x237.jpg\" alt=\"P\" width=\"691\" height=\"546\" srcset=\"https:\/\/bellesguardgaudi.com\/wp-content\/uploads\/2023\/05\/palau-de-la-musica-portada-1-300x237.jpg 300w, https:\/\/bellesguardgaudi.com\/wp-content\/uploads\/2023\/05\/palau-de-la-musica-portada-1-1024x809.jpg 1024w, https:\/\/bellesguardgaudi.com\/wp-content\/uploads\/2023\/05\/palau-de-la-musica-portada-1-768x607.jpg 768w, https:\/\/bellesguardgaudi.com\/wp-content\/uploads\/2023\/05\/palau-de-la-musica-portada-1-600x474.jpg 600w, https:\/\/bellesguardgaudi.com\/wp-content\/uploads\/2023\/05\/palau-de-la-musica-portada-1.jpg 1368w\" sizes=\"auto, (max-width: 691px) 100vw, 691px\" \/><\/p>\n<p><strong>On trobar-nos<\/strong><\/p>\n<p>Els dies 19, 20 i 21 de maig la Fira Modernista es far\u00e0 excepcionalment al carrer Bruc, entre l\u2019avinguda Diagonal i el carrer Consell de Cent, perqu\u00e8 el carrer Girona, lloc habitual de la celebraci\u00f3, estar\u00e0 en obres. A la parada de la Torre Bellesguard hi podreu adquirir entrades al 50% de descompte per la visita guiada i audioguiada, aix\u00ed com entrades per l\u2019esdeveniment gastron\u00f2mic EAT GAUD\u00cd, que se celebrar\u00e0 els dies 16-17 i 18 de juny.<\/p>\n<p>&nbsp;<\/p>\n<p>A m\u00e9s, a la nostra parada, podreu realitzar tallers de trencad\u00eds i mosaic, de la m\u00e0 de Mosaiccos. Us hi esperem!<\/p>\n<p><img loading=\"lazy\" decoding=\"async\" class=\"wp-image-45832 aligncenter\" src=\"https:\/\/bellesguardgaudi.com\/wp-content\/uploads\/2023\/05\/cartell-FM2023_19-4web-149x300.jpg\" alt=\"\" width=\"416\" height=\"838\" \/><\/p>\n<p>&nbsp;<\/p>\n<p>&nbsp;<\/p>\n<p>&nbsp;<\/p>\n<p>&nbsp;<\/p>\n<p>&nbsp;<\/p>\n","protected":false},"excerpt":{"rendered":"<p>Per: Ferran Garc\u00e9s &nbsp; La primera edici\u00f3 de la Fira Modernista de Barcelona es va organitzar l\u2018any 2005. Aleshores, els promotors van expressar el seu desig de qu\u00e8 aquella edici\u00f3 fos un bon comen\u00e7ament i que la Fira creix\u00e9s. &nbsp; El 2023, l\u2019any de la 17a edici\u00f3, podem confirmar que aquell desig s\u2019ha realitzat plenament. [&hellip;]<\/p>\n","protected":false},"author":6,"featured_media":45828,"comment_status":"closed","ping_status":"closed","sticky":false,"template":"","format":"standard","meta":{"_acf_changed":false,"footnotes":""},"categories":[46],"tags":[],"class_list":["post-45826","post","type-post","status-publish","format-standard","has-post-thumbnail","hentry","category-saps-que"],"acf":[],"yoast_head":"<!-- This site is optimized with the Yoast SEO plugin v27.2 - https:\/\/yoast.com\/product\/yoast-seo-wordpress\/ -->\n<title>Agenda: La Fira Modernista, Dom\u00e8nech i Muntaner - Obra Modernista de Antoni Gaud\u00ed en Barcelona | Torre Bellesguard<\/title>\n<meta name=\"robots\" content=\"index, follow, max-snippet:-1, max-image-preview:large, max-video-preview:-1\" \/>\n<link rel=\"canonical\" href=\"https:\/\/bellesguardgaudi.com\/ca\/agenda-la-fira-modernista-domenech-i-muntaner\/\" \/>\n<meta property=\"og:locale\" content=\"ca_ES\" \/>\n<meta property=\"og:type\" content=\"article\" \/>\n<meta property=\"og:title\" content=\"Agenda: La Fira Modernista, Dom\u00e8nech i Muntaner - Obra Modernista de Antoni Gaud\u00ed en Barcelona | Torre Bellesguard\" \/>\n<meta property=\"og:description\" content=\"Per: Ferran Garc\u00e9s &nbsp; La primera edici\u00f3 de la Fira Modernista de Barcelona es va organitzar l\u2018any 2005. Aleshores, els promotors van expressar el seu desig de qu\u00e8 aquella edici\u00f3 fos un bon comen\u00e7ament i que la Fira creix\u00e9s. &nbsp; El 2023, l\u2019any de la 17a edici\u00f3, podem confirmar que aquell desig s\u2019ha realitzat plenament. [&hellip;]\" \/>\n<meta property=\"og:url\" content=\"https:\/\/bellesguardgaudi.com\/ca\/agenda-la-fira-modernista-domenech-i-muntaner\/\" \/>\n<meta property=\"og:site_name\" content=\"Obra Modernista de Antoni Gaud\u00ed en Barcelona | Torre Bellesguard\" \/>\n<meta property=\"article:published_time\" content=\"2025-05-22T07:42:13+00:00\" \/>\n<meta property=\"og:image\" content=\"https:\/\/bellesguardgaudi.com\/wp-content\/uploads\/2023\/05\/6071_luis-domenech-y-montaner.jpg\" \/>\n\t<meta property=\"og:image:width\" content=\"940\" \/>\n\t<meta property=\"og:image:height\" content=\"627\" \/>\n\t<meta property=\"og:image:type\" content=\"image\/jpeg\" \/>\n<meta name=\"author\" content=\"Torre Bellesguard\" \/>\n<meta name=\"twitter:card\" content=\"summary_large_image\" \/>\n<meta name=\"twitter:label1\" content=\"Escrit per\" \/>\n\t<meta name=\"twitter:data1\" content=\"Torre Bellesguard\" \/>\n\t<meta name=\"twitter:label2\" content=\"Temps estimat de lectura\" \/>\n\t<meta name=\"twitter:data2\" content=\"4 minuts\" \/>\n<script type=\"application\/ld+json\" class=\"yoast-schema-graph\">{\"@context\":\"https:\/\/schema.org\",\"@graph\":[{\"@type\":\"Article\",\"@id\":\"https:\/\/bellesguardgaudi.com\/ca\/agenda-la-fira-modernista-domenech-i-muntaner\/#article\",\"isPartOf\":{\"@id\":\"https:\/\/bellesguardgaudi.com\/ca\/agenda-la-fira-modernista-domenech-i-muntaner\/\"},\"author\":{\"name\":\"Torre Bellesguard\",\"@id\":\"https:\/\/bellesguardgaudi.com\/ca\/#\/schema\/person\/57a35d8075a6142d4d7ef9ebd8586c79\"},\"headline\":\"Agenda: La Fira Modernista, Dom\u00e8nech i Muntaner\",\"datePublished\":\"2025-05-22T07:42:13+00:00\",\"mainEntityOfPage\":{\"@id\":\"https:\/\/bellesguardgaudi.com\/ca\/agenda-la-fira-modernista-domenech-i-muntaner\/\"},\"wordCount\":686,\"image\":{\"@id\":\"https:\/\/bellesguardgaudi.com\/ca\/agenda-la-fira-modernista-domenech-i-muntaner\/#primaryimage\"},\"thumbnailUrl\":\"https:\/\/bellesguardgaudi.com\/wp-content\/uploads\/2023\/05\/6071_luis-domenech-y-montaner.jpg\",\"articleSection\":[\"Sabies qu\u00e8?\"],\"inLanguage\":\"ca\"},{\"@type\":\"WebPage\",\"@id\":\"https:\/\/bellesguardgaudi.com\/ca\/agenda-la-fira-modernista-domenech-i-muntaner\/\",\"url\":\"https:\/\/bellesguardgaudi.com\/ca\/agenda-la-fira-modernista-domenech-i-muntaner\/\",\"name\":\"Agenda: La Fira Modernista, Dom\u00e8nech i Muntaner - Obra Modernista de Antoni Gaud\u00ed en Barcelona | Torre Bellesguard\",\"isPartOf\":{\"@id\":\"https:\/\/bellesguardgaudi.com\/ca\/#website\"},\"primaryImageOfPage\":{\"@id\":\"https:\/\/bellesguardgaudi.com\/ca\/agenda-la-fira-modernista-domenech-i-muntaner\/#primaryimage\"},\"image\":{\"@id\":\"https:\/\/bellesguardgaudi.com\/ca\/agenda-la-fira-modernista-domenech-i-muntaner\/#primaryimage\"},\"thumbnailUrl\":\"https:\/\/bellesguardgaudi.com\/wp-content\/uploads\/2023\/05\/6071_luis-domenech-y-montaner.jpg\",\"datePublished\":\"2025-05-22T07:42:13+00:00\",\"author\":{\"@id\":\"https:\/\/bellesguardgaudi.com\/ca\/#\/schema\/person\/57a35d8075a6142d4d7ef9ebd8586c79\"},\"breadcrumb\":{\"@id\":\"https:\/\/bellesguardgaudi.com\/ca\/agenda-la-fira-modernista-domenech-i-muntaner\/#breadcrumb\"},\"inLanguage\":\"ca\",\"potentialAction\":[{\"@type\":\"ReadAction\",\"target\":[\"https:\/\/bellesguardgaudi.com\/ca\/agenda-la-fira-modernista-domenech-i-muntaner\/\"]}]},{\"@type\":\"ImageObject\",\"inLanguage\":\"ca\",\"@id\":\"https:\/\/bellesguardgaudi.com\/ca\/agenda-la-fira-modernista-domenech-i-muntaner\/#primaryimage\",\"url\":\"https:\/\/bellesguardgaudi.com\/wp-content\/uploads\/2023\/05\/6071_luis-domenech-y-montaner.jpg\",\"contentUrl\":\"https:\/\/bellesguardgaudi.com\/wp-content\/uploads\/2023\/05\/6071_luis-domenech-y-montaner.jpg\",\"width\":940,\"height\":627},{\"@type\":\"BreadcrumbList\",\"@id\":\"https:\/\/bellesguardgaudi.com\/ca\/agenda-la-fira-modernista-domenech-i-muntaner\/#breadcrumb\",\"itemListElement\":[{\"@type\":\"ListItem\",\"position\":1,\"name\":\"Portada\",\"item\":\"https:\/\/bellesguardgaudi.com\/ca\/\"},{\"@type\":\"ListItem\",\"position\":2,\"name\":\"Agenda: La Fira Modernista, Dom\u00e8nech i Muntaner\"}]},{\"@type\":\"WebSite\",\"@id\":\"https:\/\/bellesguardgaudi.com\/ca\/#website\",\"url\":\"https:\/\/bellesguardgaudi.com\/ca\/\",\"name\":\"Obra Modernista de Antoni Gaud\u00ed en Barcelona | Torre Bellesguard\",\"description\":\"Web oficial de la Torre Bellesguard. Una de las obras m\u00e1s personales del arquitecto modernista Gaud\u00ed en Barcelona. \u00a1Vis\u00edtala sin colas ni aglomeraciones!\",\"potentialAction\":[{\"@type\":\"SearchAction\",\"target\":{\"@type\":\"EntryPoint\",\"urlTemplate\":\"https:\/\/bellesguardgaudi.com\/ca\/?s={search_term_string}\"},\"query-input\":{\"@type\":\"PropertyValueSpecification\",\"valueRequired\":true,\"valueName\":\"search_term_string\"}}],\"inLanguage\":\"ca\"},{\"@type\":\"Person\",\"@id\":\"https:\/\/bellesguardgaudi.com\/ca\/#\/schema\/person\/57a35d8075a6142d4d7ef9ebd8586c79\",\"name\":\"Torre Bellesguard\",\"image\":{\"@type\":\"ImageObject\",\"inLanguage\":\"ca\",\"@id\":\"https:\/\/secure.gravatar.com\/avatar\/af6277d0e6df1d2b58dacb18fc37ab8a5a51ef5399cb7e7fe29bdd1381b832ff?s=96&d=mm&r=g\",\"url\":\"https:\/\/secure.gravatar.com\/avatar\/af6277d0e6df1d2b58dacb18fc37ab8a5a51ef5399cb7e7fe29bdd1381b832ff?s=96&d=mm&r=g\",\"contentUrl\":\"https:\/\/secure.gravatar.com\/avatar\/af6277d0e6df1d2b58dacb18fc37ab8a5a51ef5399cb7e7fe29bdd1381b832ff?s=96&d=mm&r=g\",\"caption\":\"Torre Bellesguard\"}}]}<\/script>\n<!-- \/ Yoast SEO plugin. -->","yoast_head_json":{"title":"Agenda: La Fira Modernista, Dom\u00e8nech i Muntaner - Obra Modernista de Antoni Gaud\u00ed en Barcelona | Torre Bellesguard","robots":{"index":"index","follow":"follow","max-snippet":"max-snippet:-1","max-image-preview":"max-image-preview:large","max-video-preview":"max-video-preview:-1"},"canonical":"https:\/\/bellesguardgaudi.com\/ca\/agenda-la-fira-modernista-domenech-i-muntaner\/","og_locale":"ca_ES","og_type":"article","og_title":"Agenda: La Fira Modernista, Dom\u00e8nech i Muntaner - Obra Modernista de Antoni Gaud\u00ed en Barcelona | Torre Bellesguard","og_description":"Per: Ferran Garc\u00e9s &nbsp; La primera edici\u00f3 de la Fira Modernista de Barcelona es va organitzar l\u2018any 2005. Aleshores, els promotors van expressar el seu desig de qu\u00e8 aquella edici\u00f3 fos un bon comen\u00e7ament i que la Fira creix\u00e9s. &nbsp; El 2023, l\u2019any de la 17a edici\u00f3, podem confirmar que aquell desig s\u2019ha realitzat plenament. [&hellip;]","og_url":"https:\/\/bellesguardgaudi.com\/ca\/agenda-la-fira-modernista-domenech-i-muntaner\/","og_site_name":"Obra Modernista de Antoni Gaud\u00ed en Barcelona | Torre Bellesguard","article_published_time":"2025-05-22T07:42:13+00:00","og_image":[{"width":940,"height":627,"url":"https:\/\/bellesguardgaudi.com\/wp-content\/uploads\/2023\/05\/6071_luis-domenech-y-montaner.jpg","type":"image\/jpeg"}],"author":"Torre Bellesguard","twitter_card":"summary_large_image","twitter_misc":{"Escrit per":"Torre Bellesguard","Temps estimat de lectura":"4 minuts"},"schema":{"@context":"https:\/\/schema.org","@graph":[{"@type":"Article","@id":"https:\/\/bellesguardgaudi.com\/ca\/agenda-la-fira-modernista-domenech-i-muntaner\/#article","isPartOf":{"@id":"https:\/\/bellesguardgaudi.com\/ca\/agenda-la-fira-modernista-domenech-i-muntaner\/"},"author":{"name":"Torre Bellesguard","@id":"https:\/\/bellesguardgaudi.com\/ca\/#\/schema\/person\/57a35d8075a6142d4d7ef9ebd8586c79"},"headline":"Agenda: La Fira Modernista, Dom\u00e8nech i Muntaner","datePublished":"2025-05-22T07:42:13+00:00","mainEntityOfPage":{"@id":"https:\/\/bellesguardgaudi.com\/ca\/agenda-la-fira-modernista-domenech-i-muntaner\/"},"wordCount":686,"image":{"@id":"https:\/\/bellesguardgaudi.com\/ca\/agenda-la-fira-modernista-domenech-i-muntaner\/#primaryimage"},"thumbnailUrl":"https:\/\/bellesguardgaudi.com\/wp-content\/uploads\/2023\/05\/6071_luis-domenech-y-montaner.jpg","articleSection":["Sabies qu\u00e8?"],"inLanguage":"ca"},{"@type":"WebPage","@id":"https:\/\/bellesguardgaudi.com\/ca\/agenda-la-fira-modernista-domenech-i-muntaner\/","url":"https:\/\/bellesguardgaudi.com\/ca\/agenda-la-fira-modernista-domenech-i-muntaner\/","name":"Agenda: La Fira Modernista, Dom\u00e8nech i Muntaner - Obra Modernista de Antoni Gaud\u00ed en Barcelona | Torre Bellesguard","isPartOf":{"@id":"https:\/\/bellesguardgaudi.com\/ca\/#website"},"primaryImageOfPage":{"@id":"https:\/\/bellesguardgaudi.com\/ca\/agenda-la-fira-modernista-domenech-i-muntaner\/#primaryimage"},"image":{"@id":"https:\/\/bellesguardgaudi.com\/ca\/agenda-la-fira-modernista-domenech-i-muntaner\/#primaryimage"},"thumbnailUrl":"https:\/\/bellesguardgaudi.com\/wp-content\/uploads\/2023\/05\/6071_luis-domenech-y-montaner.jpg","datePublished":"2025-05-22T07:42:13+00:00","author":{"@id":"https:\/\/bellesguardgaudi.com\/ca\/#\/schema\/person\/57a35d8075a6142d4d7ef9ebd8586c79"},"breadcrumb":{"@id":"https:\/\/bellesguardgaudi.com\/ca\/agenda-la-fira-modernista-domenech-i-muntaner\/#breadcrumb"},"inLanguage":"ca","potentialAction":[{"@type":"ReadAction","target":["https:\/\/bellesguardgaudi.com\/ca\/agenda-la-fira-modernista-domenech-i-muntaner\/"]}]},{"@type":"ImageObject","inLanguage":"ca","@id":"https:\/\/bellesguardgaudi.com\/ca\/agenda-la-fira-modernista-domenech-i-muntaner\/#primaryimage","url":"https:\/\/bellesguardgaudi.com\/wp-content\/uploads\/2023\/05\/6071_luis-domenech-y-montaner.jpg","contentUrl":"https:\/\/bellesguardgaudi.com\/wp-content\/uploads\/2023\/05\/6071_luis-domenech-y-montaner.jpg","width":940,"height":627},{"@type":"BreadcrumbList","@id":"https:\/\/bellesguardgaudi.com\/ca\/agenda-la-fira-modernista-domenech-i-muntaner\/#breadcrumb","itemListElement":[{"@type":"ListItem","position":1,"name":"Portada","item":"https:\/\/bellesguardgaudi.com\/ca\/"},{"@type":"ListItem","position":2,"name":"Agenda: La Fira Modernista, Dom\u00e8nech i Muntaner"}]},{"@type":"WebSite","@id":"https:\/\/bellesguardgaudi.com\/ca\/#website","url":"https:\/\/bellesguardgaudi.com\/ca\/","name":"Obra Modernista de Antoni Gaud\u00ed en Barcelona | Torre Bellesguard","description":"Web oficial de la Torre Bellesguard. Una de las obras m\u00e1s personales del arquitecto modernista Gaud\u00ed en Barcelona. \u00a1Vis\u00edtala sin colas ni aglomeraciones!","potentialAction":[{"@type":"SearchAction","target":{"@type":"EntryPoint","urlTemplate":"https:\/\/bellesguardgaudi.com\/ca\/?s={search_term_string}"},"query-input":{"@type":"PropertyValueSpecification","valueRequired":true,"valueName":"search_term_string"}}],"inLanguage":"ca"},{"@type":"Person","@id":"https:\/\/bellesguardgaudi.com\/ca\/#\/schema\/person\/57a35d8075a6142d4d7ef9ebd8586c79","name":"Torre Bellesguard","image":{"@type":"ImageObject","inLanguage":"ca","@id":"https:\/\/secure.gravatar.com\/avatar\/af6277d0e6df1d2b58dacb18fc37ab8a5a51ef5399cb7e7fe29bdd1381b832ff?s=96&d=mm&r=g","url":"https:\/\/secure.gravatar.com\/avatar\/af6277d0e6df1d2b58dacb18fc37ab8a5a51ef5399cb7e7fe29bdd1381b832ff?s=96&d=mm&r=g","contentUrl":"https:\/\/secure.gravatar.com\/avatar\/af6277d0e6df1d2b58dacb18fc37ab8a5a51ef5399cb7e7fe29bdd1381b832ff?s=96&d=mm&r=g","caption":"Torre Bellesguard"}}]}},"_links":{"self":[{"href":"https:\/\/bellesguardgaudi.com\/ca\/wp-json\/wp\/v2\/posts\/45826","targetHints":{"allow":["GET"]}}],"collection":[{"href":"https:\/\/bellesguardgaudi.com\/ca\/wp-json\/wp\/v2\/posts"}],"about":[{"href":"https:\/\/bellesguardgaudi.com\/ca\/wp-json\/wp\/v2\/types\/post"}],"author":[{"embeddable":true,"href":"https:\/\/bellesguardgaudi.com\/ca\/wp-json\/wp\/v2\/users\/6"}],"replies":[{"embeddable":true,"href":"https:\/\/bellesguardgaudi.com\/ca\/wp-json\/wp\/v2\/comments?post=45826"}],"version-history":[{"count":1,"href":"https:\/\/bellesguardgaudi.com\/ca\/wp-json\/wp\/v2\/posts\/45826\/revisions"}],"predecessor-version":[{"id":45856,"href":"https:\/\/bellesguardgaudi.com\/ca\/wp-json\/wp\/v2\/posts\/45826\/revisions\/45856"}],"wp:featuredmedia":[{"embeddable":true,"href":"https:\/\/bellesguardgaudi.com\/ca\/wp-json\/wp\/v2\/media\/45828"}],"wp:attachment":[{"href":"https:\/\/bellesguardgaudi.com\/ca\/wp-json\/wp\/v2\/media?parent=45826"}],"wp:term":[{"taxonomy":"category","embeddable":true,"href":"https:\/\/bellesguardgaudi.com\/ca\/wp-json\/wp\/v2\/categories?post=45826"},{"taxonomy":"post_tag","embeddable":true,"href":"https:\/\/bellesguardgaudi.com\/ca\/wp-json\/wp\/v2\/tags?post=45826"}],"curies":[{"name":"wp","href":"https:\/\/api.w.org\/{rel}","templated":true}]}}