{"id":68619,"date":"2023-08-14T13:58:02","date_gmt":"2023-08-14T11:58:02","guid":{"rendered":"https:\/\/bellesguardgaudi.com\/?p=68619"},"modified":"2023-08-17T10:56:34","modified_gmt":"2023-08-17T08:56:34","slug":"saps-que-bellesguard-abans-de-gaudi-guarida-i-academia-part-iii","status":"publish","type":"post","link":"https:\/\/bellesguardgaudi.com\/ca\/saps-que-bellesguard-abans-de-gaudi-guarida-i-academia-part-iii\/","title":{"rendered":"Saps qu\u00e8? Bellesguard ABANS de Gaud\u00ed, Guarida i Acad\u00e8mia. Part III"},"content":{"rendered":"<p><span style=\"font-weight: 400;\">Per: Ferran Garc\u00e9s<\/span><\/p>\n<p><span style=\"font-weight: 400;\">A 1410 va morir <a href=\"https:\/\/bellesguardgaudi.com\/ca\/marti-i-lhuma\/\">Mart\u00ed I l&#8217;Hum\u00e0<\/a>, el primer propietari del palau de Bellesguard. Una de les \u00faltimes persones en acompanyar al rei va ser Ferrer de Gualbes, conseller en cap de Barcelona (1) Curiosament, tres segles m\u00e9s tard, a voltants de 1703, un altre Gualbes, restaur\u00e0 el derru\u00eft castell de Bellesguard i li donar\u00e0 una segona \u00e8poca d&#8217;esplendor, esdevenint la seu d&#8217;una Acad\u00e8mia. Tanmateix, si hem de fer cas a les llegendes, Bellesguard va ser abans la guarida d&#8217;un bandoler fam\u00f3s. En la foto de la cap\u00e7alera veiem els retrats dels protagonistes dels quals estem parlant avui: <a href=\"https:\/\/bellesguardgaudi.com\/ca\/serrallonga-a-bellesguard-2\/\">Joan Serralonga<\/a> (1594-1634), el bandit, i <a href=\"https:\/\/bellesguardgaudi.com\/ca\/joan-de-gualbes\/\">Joan Gualbes<\/a> (1643-1714), el noble. Malgrat que mai van coincidir, les seves vides es confonen en el record d&#8217;una \u00e8poca marcada per dues devastadores guerres.<\/span><\/p>\n<p><strong>Guarida<\/strong><\/p>\n<p><span style=\"font-weight: 400;\">El 8 de gener de 1634, Joan de Serrallonga, va ser penjat i esquarterat a la pla\u00e7a del Rei de Barcelona. La llegenda diu que, per servir d&#8217;escarment, les diferents parts del seu cos van ser mostrades p\u00fablicament als llocs on havia viscut. La mateixa llegenda afegeixes que un d&#8217;aquests llocs podria ser Bellesguard, on s&#8217;hauria amagat aprofitant que la propietat estava deshabitada i en ru\u00efnes. Ara b\u00e9, altres indrets de Barcelona tamb\u00e9 reclamen l&#8217;honor d&#8217;haver encobert al bandoler (2)<\/span><\/p>\n<p>&nbsp;<\/p>\n<p><span style=\"font-weight: 400;\">D&#8217;altra banda, la investigaci\u00f3 hist\u00f2rica recent, sembla que contradiu la visi\u00f3 d&#8217;un castell enderrocat i desolat. A l&#8217;\u00e8poca de Serrallonga, malgrat que en un estat de creixent aband\u00f3, el palau original de Mart\u00ed I encara continuava intacte. La havien ocupat diferents propietaris de la noblesa barcelonina. La seva destrucci\u00f3 parcial va ser conseq\u00fc\u00e8ncia de la Guerra dels Segadors (1640-1652), i aleshores el bandoler ja era mort (3). En realitat, la relaci\u00f3 entre Bellesguard i Serrallonga continua sent misteriosa i dif\u00edcil de recrear. Dit aix\u00f2, el cas \u00e9s que els ve\u00efns m\u00e9s grans de Sant Gervasi recorden que sempre havien sentit parlar de Bellesguard com &#8220;el castell d&#8217;en Serrallonga&#8221;.<\/span><\/p>\n<p>&nbsp;<\/p>\n<p><strong>Acad\u00e8mia<\/strong><\/p>\n<p><span style=\"font-weight: 400;\">Sigui com sigui, Bellesguard va ser reconstru\u00eft al voltant de 1703, quan l&#8217;heretat va passar a mans de Joan Ferrer Bonaventura de Gualbes i Copons. Com ja comentaven al principi, aquest noble, descendent d&#8217;una fam\u00edlia que havia servit a Mart\u00ed I l&#8217;Hum\u00e0, va restaurar l&#8217;edifici i li va propiciar un segon moment d&#8217;esplendor, en convertir-la en la seu de l&#8217;Acad\u00e8mia dels Desconfiats. La instituci\u00f3 original fou fundada al palau Dalmases, dins de la ciutat de Barcelona, a 1700, per\u00f2, tres anys despr\u00e9s, es va traslladar al palau del Gualbes, aleshores un terreny a\u00efllat fora de les muralles. Esdev\u00e9 Bellesguard, en aquest moment, tamb\u00e9 una guarida, per\u00f2 no de bandolers, sin\u00f3 de conspiradors?&#8230; Comencem per recordar l&#8217;emblema d&#8217;aquesta Acad\u00e8mia.<\/span><\/p>\n<p><span style=\"font-weight: 400;\">AA 1637, el conegut fil\u00f2sof Ren\u00e9 Descartes havia formulat el seu fam\u00f3s dubte met\u00f2dic. El nom de l&#8217;Acad\u00e8mia reflecteix, doncs, el corrent d&#8217;escepticisme propi d&#8217;aquella \u00e8poca, produ\u00eft per la revisi\u00f3 dels grans dogmes religiosos i cient\u00edfics. No \u00e9s casual, en conseq\u00fc\u00e8ncia, que el seu lema era <em>Tuta, quia diffidens<\/em> (&#8220;Segura, perqu\u00e8 desconfia&#8221;), frase que s&#8217;observa a la part superior de la foto anterior.<\/span><\/p>\n<p>&nbsp;<\/p>\n<p><span style=\"font-weight: 400;\">Al principi, les sessions de l&#8217;Acad\u00e8mia versaven sobre erudici\u00f3 cl\u00e0ssica, filosofia moral, m\u00fasica, hist\u00f2ria i poesia de Catalunya, etc. Ara b\u00e9, la situaci\u00f3 pol\u00edtica del moment, cada vegada m\u00e9s tensa i bel\u00b7ligerant, va acabar influint irremissiblement en l&#8217;ambient general (4) \u00c9s l&#8217;\u00e8poca, recordem, de la Guerra de Successi\u00f3 (1701-1715), quan Barcelona ser\u00e0 assetjada en dues ocasions, la primera a 1706, i la segona, entre 1713 i 1714.<\/span><\/p>\n<p>&nbsp;<\/p>\n<p><span style=\"font-weight: 400;\">Per defugir de possibles ensopegades amb la just\u00edcia, els &#8220;Desconfiats&#8221; debatien de pol\u00edtica mitjan\u00e7ant missatges ocults. Va ser el cas, per exemple, de la representaci\u00f3 d&#8217;una obra de teatre sobre els Jocs Ol\u00edmpics, que ja hem vist en un altre article <a href=\"https:\/\/bellesguardgaudi.com\/ca\/agenda-els-jocs-olimpics-de-barcelona-abans-de-1992\/\">(enlla\u00e7)<\/a> Malauradament, al final, la ciutat ser\u00e0 assetjada i molts dels seus membres moriran durant l&#8217;atac, o poc despr\u00e9s de la derrota, com va ser el cas de Joan Gualbes. Malgrat aix\u00f2, l&#8217;impuls dels Desconfiats servir\u00e0 de llavor per la formaci\u00f3 de l&#8217;actual Reial Acad\u00e8mia de Bones Lletres de Barcelona.<\/span><\/p>\n<p><span style=\"font-weight: 400;\">Pel que fa a la torre, tornar\u00e0 a ser derru\u00efda i el seu passat oblidat (5) No ser\u00e0 fins a 1900 quan Gaud\u00ed la rescatar\u00e0, proporcionant-li una tercera \u00e8poca d&#8217;esplendor. De gran ajuda a sigut tamb\u00e9 la labor del Grup de Recerca de Bellesguard, creat per la fam\u00edlia Guilera, els darrers propietaris en viure en la casa. Ha sigut, precisament, gr\u00e0cies a aquest grup que s&#8217;ha pogut rescatar la fascinant figura de Joan Gualbes (6) B\u00e9, fins avui, en les altres entrades d&#8217;agost, hem parlat de Bellesguard abans de Gaud\u00ed. La setmana vinent parlarem de com continua la seva hist\u00f2ria despr\u00e9s del mestre, i, en fer-ho, sabrem com va arribar la fam\u00edlia Guilera i el Grup de Recerca a l&#8217;actual torre. Fins aviat!<\/span><\/p>\n<p>&nbsp;<\/p>\n<p><strong>Notes<\/strong><\/p>\n<ol>\n<li><span style=\"font-weight: 400;\">Batlle Gallart, C., (2007), <em>Els ciutadans honrats de Barcelona. L&#8217;exemple dels Gualbes (Segles XIV)<\/em>, Dalmau, Barcelona<\/span><\/li>\n<li><span style=\"font-weight: 400;\">Entre les diferents localitzacions de la guarida de Serrallonga, destaca la seu de l&#8217;actual Museu Palmero, a la Vall d&#8217;Hebr\u00f3n. Per saber m\u00e9s, consultar el blog: www.serrallonga1640.blogspot.com Seguiu el fill de l&#8217;etiqueta &#8220;Barcelona&#8221;, i, m\u00e9s concretament, l&#8217;entrada &#8220;El Serrallonga llegendari a Barcelona (1): La Torre de Bellesguard o el Castell d&#8217;en Serrallonga&#8221; (16 de gener de 2015)<\/span><\/li>\n<li><span style=\"font-weight: 400;\">Vall i Comaposada, Josep M., (2014) <em>Bellesguard. De la resid\u00e8ncia de Mart\u00ed l&#8217;Hum\u00e0 a la Torre de Gaud\u00ed<\/em>, Duxelm editorial, Barcelona, p. 79-82<\/span><\/li>\n<li><span style=\"font-weight: 400;\">Galindo L\u00f3pez, E., i Medar de Sagrera, Manuel (2014 ), &#8220;Joan de Gualbes i Antoni Gaud\u00ed: Bellesguard i els Desconfiats de la Guerra de Successi\u00f3&#8221;, a: Roca Vernet, Jordi (coord.,), <em>Sarri\u00e0 i la causa de les llibertats catalanes<\/em>, Edicions El Mirador-Serveis Editorials, Barcelona, p. 61-76<\/span><\/li>\n<li><span style=\"font-weight: 400;\">Un parell de novel\u00b7les recents s&#8217;ambienten en aquella \u00e8poca: <em>Intrigas en la acad\u00e8mia de los desconfiados. El origen del 11 de septiembre de 1714<\/em>, de Gabino Serrano Mart\u00ednez, i, <em>Els savis de la Acad\u00e8mia dels Desconfiats<\/em>, d&#8217;\u00c0frica Ragel<\/span><\/li>\n<li><span style=\"font-weight: 400;\">Aguilera, Gema (10\/10\/2023) &#8220;L&#8217;ultratge borb\u00f2nic a Bellesguard el 1714&#8221;, El Temps, p. 25-27. <a href=\"http:\/\/tgaudiri.org\/articles\/BELLESGUARD-ELTEMPS.pdf\">Enlla\u00e7\u00a0<\/a><\/span><\/li>\n<li><span style=\"font-weight: 400;\">La principal font d&#8217;informaci\u00f3 de Bellesguard es troba a la biblioteca de la Bas\u00edlica dels Sants M\u00e0rtirs Just i Pastor, a Barcelona. En ella ha estat ocult l&#8217;arxiu que Joan Gualbes va amagar, poc abans de la caiguda de Barcelona. En ell es guarda tota la hist\u00f2ria de la finca des dels temps de Mart\u00ed I. Un arxiu que, per cert, tamb\u00e9 coneixia Gaud\u00ed&#8230; <\/span>Podeu accedir a l&#8217;Arxiu en el seg\u00fcent enlla\u00e7: <a href=\"https:\/\/arxiudelabasilicadelssantsmartirsjustipastor.cat\/arxiu\/fons-gualbes\/\">El fons Gualbes. <\/a>Per accedir a un resum, mireu la seg\u00fcent refer\u00e8ncia: Galindo L\u00f3pez, E., i Medarde de Sagrera, Manuel (2014 ), p 20-21<\/li>\n<\/ol>\n<p>&nbsp;<\/p>\n","protected":false},"excerpt":{"rendered":"<p>Per: Ferran Garc\u00e9s A 1410 va morir Mart\u00ed I l&#8217;Hum\u00e0, el primer propietari del palau de Bellesguard. Una de les \u00faltimes persones en acompanyar al rei va ser Ferrer de Gualbes, conseller en cap de Barcelona (1) Curiosament, tres segles m\u00e9s tard, a voltants de 1703, un altre Gualbes, restaur\u00e0 el derru\u00eft castell de Bellesguard [&hellip;]<\/p>\n","protected":false},"author":6,"featured_media":68614,"comment_status":"closed","ping_status":"closed","sticky":false,"template":"","format":"standard","meta":{"_acf_changed":false,"footnotes":""},"categories":[16],"tags":[],"class_list":["post-68619","post","type-post","status-publish","format-standard","has-post-thumbnail","hentry","category-actualidad"],"acf":[],"yoast_head":"<!-- This site is optimized with the Yoast SEO plugin v27.2 - https:\/\/yoast.com\/product\/yoast-seo-wordpress\/ -->\n<title>Saps qu\u00e8? Bellesguard ABANS de Gaud\u00ed, Guarida i Acad\u00e8mia. Part III - Obra Modernista de Antoni Gaud\u00ed en Barcelona | Torre Bellesguard<\/title>\n<meta name=\"robots\" content=\"index, follow, max-snippet:-1, max-image-preview:large, max-video-preview:-1\" \/>\n<link rel=\"canonical\" href=\"https:\/\/bellesguardgaudi.com\/ca\/saps-que-bellesguard-abans-de-gaudi-guarida-i-academia-part-iii\/\" \/>\n<meta property=\"og:locale\" content=\"ca_ES\" \/>\n<meta property=\"og:type\" content=\"article\" \/>\n<meta property=\"og:title\" content=\"Saps qu\u00e8? Bellesguard ABANS de Gaud\u00ed, Guarida i Acad\u00e8mia. Part III - Obra Modernista de Antoni Gaud\u00ed en Barcelona | Torre Bellesguard\" \/>\n<meta property=\"og:description\" content=\"Per: Ferran Garc\u00e9s A 1410 va morir Mart\u00ed I l&#8217;Hum\u00e0, el primer propietari del palau de Bellesguard. Una de les \u00faltimes persones en acompanyar al rei va ser Ferrer de Gualbes, conseller en cap de Barcelona (1) Curiosament, tres segles m\u00e9s tard, a voltants de 1703, un altre Gualbes, restaur\u00e0 el derru\u00eft castell de Bellesguard [&hellip;]\" \/>\n<meta property=\"og:url\" content=\"https:\/\/bellesguardgaudi.com\/ca\/saps-que-bellesguard-abans-de-gaudi-guarida-i-academia-part-iii\/\" \/>\n<meta property=\"og:site_name\" content=\"Obra Modernista de Antoni Gaud\u00ed en Barcelona | Torre Bellesguard\" \/>\n<meta property=\"article:published_time\" content=\"2023-08-14T11:58:02+00:00\" \/>\n<meta property=\"article:modified_time\" content=\"2023-08-17T08:56:34+00:00\" \/>\n<meta property=\"og:image\" content=\"https:\/\/bellesguardgaudi.com\/wp-content\/uploads\/2023\/08\/38F4C147-C469-4322-BED2-0DD924FFF80F-scaled.jpg\" \/>\n\t<meta property=\"og:image:width\" content=\"2560\" \/>\n\t<meta property=\"og:image:height\" content=\"968\" \/>\n\t<meta property=\"og:image:type\" content=\"image\/jpeg\" \/>\n<meta name=\"author\" content=\"Torre Bellesguard\" \/>\n<meta name=\"twitter:card\" content=\"summary_large_image\" \/>\n<meta name=\"twitter:label1\" content=\"Escrit per\" \/>\n\t<meta name=\"twitter:data1\" content=\"Torre Bellesguard\" \/>\n\t<meta name=\"twitter:label2\" content=\"Temps estimat de lectura\" \/>\n\t<meta name=\"twitter:data2\" content=\"6 minuts\" \/>\n<script type=\"application\/ld+json\" class=\"yoast-schema-graph\">{\"@context\":\"https:\/\/schema.org\",\"@graph\":[{\"@type\":\"Article\",\"@id\":\"https:\/\/bellesguardgaudi.com\/ca\/saps-que-bellesguard-abans-de-gaudi-guarida-i-academia-part-iii\/#article\",\"isPartOf\":{\"@id\":\"https:\/\/bellesguardgaudi.com\/ca\/saps-que-bellesguard-abans-de-gaudi-guarida-i-academia-part-iii\/\"},\"author\":{\"name\":\"Torre Bellesguard\",\"@id\":\"https:\/\/bellesguardgaudi.com\/ca\/#\/schema\/person\/57a35d8075a6142d4d7ef9ebd8586c79\"},\"headline\":\"Saps qu\u00e8? Bellesguard ABANS de Gaud\u00ed, Guarida i Acad\u00e8mia. Part III\",\"datePublished\":\"2023-08-14T11:58:02+00:00\",\"dateModified\":\"2023-08-17T08:56:34+00:00\",\"mainEntityOfPage\":{\"@id\":\"https:\/\/bellesguardgaudi.com\/ca\/saps-que-bellesguard-abans-de-gaudi-guarida-i-academia-part-iii\/\"},\"wordCount\":1132,\"image\":{\"@id\":\"https:\/\/bellesguardgaudi.com\/ca\/saps-que-bellesguard-abans-de-gaudi-guarida-i-academia-part-iii\/#primaryimage\"},\"thumbnailUrl\":\"https:\/\/bellesguardgaudi.com\/wp-content\/uploads\/2023\/08\/38F4C147-C469-4322-BED2-0DD924FFF80F-scaled.jpg\",\"articleSection\":[\"Actualidad y Agenda\"],\"inLanguage\":\"ca\"},{\"@type\":\"WebPage\",\"@id\":\"https:\/\/bellesguardgaudi.com\/ca\/saps-que-bellesguard-abans-de-gaudi-guarida-i-academia-part-iii\/\",\"url\":\"https:\/\/bellesguardgaudi.com\/ca\/saps-que-bellesguard-abans-de-gaudi-guarida-i-academia-part-iii\/\",\"name\":\"Saps qu\u00e8? Bellesguard ABANS de Gaud\u00ed, Guarida i Acad\u00e8mia. Part III - Obra Modernista de Antoni Gaud\u00ed en Barcelona | Torre Bellesguard\",\"isPartOf\":{\"@id\":\"https:\/\/bellesguardgaudi.com\/ca\/#website\"},\"primaryImageOfPage\":{\"@id\":\"https:\/\/bellesguardgaudi.com\/ca\/saps-que-bellesguard-abans-de-gaudi-guarida-i-academia-part-iii\/#primaryimage\"},\"image\":{\"@id\":\"https:\/\/bellesguardgaudi.com\/ca\/saps-que-bellesguard-abans-de-gaudi-guarida-i-academia-part-iii\/#primaryimage\"},\"thumbnailUrl\":\"https:\/\/bellesguardgaudi.com\/wp-content\/uploads\/2023\/08\/38F4C147-C469-4322-BED2-0DD924FFF80F-scaled.jpg\",\"datePublished\":\"2023-08-14T11:58:02+00:00\",\"dateModified\":\"2023-08-17T08:56:34+00:00\",\"author\":{\"@id\":\"https:\/\/bellesguardgaudi.com\/ca\/#\/schema\/person\/57a35d8075a6142d4d7ef9ebd8586c79\"},\"breadcrumb\":{\"@id\":\"https:\/\/bellesguardgaudi.com\/ca\/saps-que-bellesguard-abans-de-gaudi-guarida-i-academia-part-iii\/#breadcrumb\"},\"inLanguage\":\"ca\",\"potentialAction\":[{\"@type\":\"ReadAction\",\"target\":[\"https:\/\/bellesguardgaudi.com\/ca\/saps-que-bellesguard-abans-de-gaudi-guarida-i-academia-part-iii\/\"]}]},{\"@type\":\"ImageObject\",\"inLanguage\":\"ca\",\"@id\":\"https:\/\/bellesguardgaudi.com\/ca\/saps-que-bellesguard-abans-de-gaudi-guarida-i-academia-part-iii\/#primaryimage\",\"url\":\"https:\/\/bellesguardgaudi.com\/wp-content\/uploads\/2023\/08\/38F4C147-C469-4322-BED2-0DD924FFF80F-scaled.jpg\",\"contentUrl\":\"https:\/\/bellesguardgaudi.com\/wp-content\/uploads\/2023\/08\/38F4C147-C469-4322-BED2-0DD924FFF80F-scaled.jpg\",\"width\":2560,\"height\":968},{\"@type\":\"BreadcrumbList\",\"@id\":\"https:\/\/bellesguardgaudi.com\/ca\/saps-que-bellesguard-abans-de-gaudi-guarida-i-academia-part-iii\/#breadcrumb\",\"itemListElement\":[{\"@type\":\"ListItem\",\"position\":1,\"name\":\"Portada\",\"item\":\"https:\/\/bellesguardgaudi.com\/ca\/\"},{\"@type\":\"ListItem\",\"position\":2,\"name\":\"Saps qu\u00e8? Bellesguard ABANS de Gaud\u00ed, Guarida i Acad\u00e8mia. Part III\"}]},{\"@type\":\"WebSite\",\"@id\":\"https:\/\/bellesguardgaudi.com\/ca\/#website\",\"url\":\"https:\/\/bellesguardgaudi.com\/ca\/\",\"name\":\"Obra Modernista de Antoni Gaud\u00ed en Barcelona | Torre Bellesguard\",\"description\":\"Web oficial de la Torre Bellesguard. Una de las obras m\u00e1s personales del arquitecto modernista Gaud\u00ed en Barcelona. \u00a1Vis\u00edtala sin colas ni aglomeraciones!\",\"potentialAction\":[{\"@type\":\"SearchAction\",\"target\":{\"@type\":\"EntryPoint\",\"urlTemplate\":\"https:\/\/bellesguardgaudi.com\/ca\/?s={search_term_string}\"},\"query-input\":{\"@type\":\"PropertyValueSpecification\",\"valueRequired\":true,\"valueName\":\"search_term_string\"}}],\"inLanguage\":\"ca\"},{\"@type\":\"Person\",\"@id\":\"https:\/\/bellesguardgaudi.com\/ca\/#\/schema\/person\/57a35d8075a6142d4d7ef9ebd8586c79\",\"name\":\"Torre Bellesguard\",\"image\":{\"@type\":\"ImageObject\",\"inLanguage\":\"ca\",\"@id\":\"https:\/\/secure.gravatar.com\/avatar\/af6277d0e6df1d2b58dacb18fc37ab8a5a51ef5399cb7e7fe29bdd1381b832ff?s=96&d=mm&r=g\",\"url\":\"https:\/\/secure.gravatar.com\/avatar\/af6277d0e6df1d2b58dacb18fc37ab8a5a51ef5399cb7e7fe29bdd1381b832ff?s=96&d=mm&r=g\",\"contentUrl\":\"https:\/\/secure.gravatar.com\/avatar\/af6277d0e6df1d2b58dacb18fc37ab8a5a51ef5399cb7e7fe29bdd1381b832ff?s=96&d=mm&r=g\",\"caption\":\"Torre Bellesguard\"}}]}<\/script>\n<!-- \/ Yoast SEO plugin. -->","yoast_head_json":{"title":"Saps qu\u00e8? Bellesguard ABANS de Gaud\u00ed, Guarida i Acad\u00e8mia. Part III - Obra Modernista de Antoni Gaud\u00ed en Barcelona | Torre Bellesguard","robots":{"index":"index","follow":"follow","max-snippet":"max-snippet:-1","max-image-preview":"max-image-preview:large","max-video-preview":"max-video-preview:-1"},"canonical":"https:\/\/bellesguardgaudi.com\/ca\/saps-que-bellesguard-abans-de-gaudi-guarida-i-academia-part-iii\/","og_locale":"ca_ES","og_type":"article","og_title":"Saps qu\u00e8? Bellesguard ABANS de Gaud\u00ed, Guarida i Acad\u00e8mia. Part III - Obra Modernista de Antoni Gaud\u00ed en Barcelona | Torre Bellesguard","og_description":"Per: Ferran Garc\u00e9s A 1410 va morir Mart\u00ed I l&#8217;Hum\u00e0, el primer propietari del palau de Bellesguard. Una de les \u00faltimes persones en acompanyar al rei va ser Ferrer de Gualbes, conseller en cap de Barcelona (1) Curiosament, tres segles m\u00e9s tard, a voltants de 1703, un altre Gualbes, restaur\u00e0 el derru\u00eft castell de Bellesguard [&hellip;]","og_url":"https:\/\/bellesguardgaudi.com\/ca\/saps-que-bellesguard-abans-de-gaudi-guarida-i-academia-part-iii\/","og_site_name":"Obra Modernista de Antoni Gaud\u00ed en Barcelona | Torre Bellesguard","article_published_time":"2023-08-14T11:58:02+00:00","article_modified_time":"2023-08-17T08:56:34+00:00","og_image":[{"width":2560,"height":968,"url":"https:\/\/bellesguardgaudi.com\/wp-content\/uploads\/2023\/08\/38F4C147-C469-4322-BED2-0DD924FFF80F-scaled.jpg","type":"image\/jpeg"}],"author":"Torre Bellesguard","twitter_card":"summary_large_image","twitter_misc":{"Escrit per":"Torre Bellesguard","Temps estimat de lectura":"6 minuts"},"schema":{"@context":"https:\/\/schema.org","@graph":[{"@type":"Article","@id":"https:\/\/bellesguardgaudi.com\/ca\/saps-que-bellesguard-abans-de-gaudi-guarida-i-academia-part-iii\/#article","isPartOf":{"@id":"https:\/\/bellesguardgaudi.com\/ca\/saps-que-bellesguard-abans-de-gaudi-guarida-i-academia-part-iii\/"},"author":{"name":"Torre Bellesguard","@id":"https:\/\/bellesguardgaudi.com\/ca\/#\/schema\/person\/57a35d8075a6142d4d7ef9ebd8586c79"},"headline":"Saps qu\u00e8? Bellesguard ABANS de Gaud\u00ed, Guarida i Acad\u00e8mia. Part III","datePublished":"2023-08-14T11:58:02+00:00","dateModified":"2023-08-17T08:56:34+00:00","mainEntityOfPage":{"@id":"https:\/\/bellesguardgaudi.com\/ca\/saps-que-bellesguard-abans-de-gaudi-guarida-i-academia-part-iii\/"},"wordCount":1132,"image":{"@id":"https:\/\/bellesguardgaudi.com\/ca\/saps-que-bellesguard-abans-de-gaudi-guarida-i-academia-part-iii\/#primaryimage"},"thumbnailUrl":"https:\/\/bellesguardgaudi.com\/wp-content\/uploads\/2023\/08\/38F4C147-C469-4322-BED2-0DD924FFF80F-scaled.jpg","articleSection":["Actualidad y Agenda"],"inLanguage":"ca"},{"@type":"WebPage","@id":"https:\/\/bellesguardgaudi.com\/ca\/saps-que-bellesguard-abans-de-gaudi-guarida-i-academia-part-iii\/","url":"https:\/\/bellesguardgaudi.com\/ca\/saps-que-bellesguard-abans-de-gaudi-guarida-i-academia-part-iii\/","name":"Saps qu\u00e8? Bellesguard ABANS de Gaud\u00ed, Guarida i Acad\u00e8mia. Part III - Obra Modernista de Antoni Gaud\u00ed en Barcelona | Torre Bellesguard","isPartOf":{"@id":"https:\/\/bellesguardgaudi.com\/ca\/#website"},"primaryImageOfPage":{"@id":"https:\/\/bellesguardgaudi.com\/ca\/saps-que-bellesguard-abans-de-gaudi-guarida-i-academia-part-iii\/#primaryimage"},"image":{"@id":"https:\/\/bellesguardgaudi.com\/ca\/saps-que-bellesguard-abans-de-gaudi-guarida-i-academia-part-iii\/#primaryimage"},"thumbnailUrl":"https:\/\/bellesguardgaudi.com\/wp-content\/uploads\/2023\/08\/38F4C147-C469-4322-BED2-0DD924FFF80F-scaled.jpg","datePublished":"2023-08-14T11:58:02+00:00","dateModified":"2023-08-17T08:56:34+00:00","author":{"@id":"https:\/\/bellesguardgaudi.com\/ca\/#\/schema\/person\/57a35d8075a6142d4d7ef9ebd8586c79"},"breadcrumb":{"@id":"https:\/\/bellesguardgaudi.com\/ca\/saps-que-bellesguard-abans-de-gaudi-guarida-i-academia-part-iii\/#breadcrumb"},"inLanguage":"ca","potentialAction":[{"@type":"ReadAction","target":["https:\/\/bellesguardgaudi.com\/ca\/saps-que-bellesguard-abans-de-gaudi-guarida-i-academia-part-iii\/"]}]},{"@type":"ImageObject","inLanguage":"ca","@id":"https:\/\/bellesguardgaudi.com\/ca\/saps-que-bellesguard-abans-de-gaudi-guarida-i-academia-part-iii\/#primaryimage","url":"https:\/\/bellesguardgaudi.com\/wp-content\/uploads\/2023\/08\/38F4C147-C469-4322-BED2-0DD924FFF80F-scaled.jpg","contentUrl":"https:\/\/bellesguardgaudi.com\/wp-content\/uploads\/2023\/08\/38F4C147-C469-4322-BED2-0DD924FFF80F-scaled.jpg","width":2560,"height":968},{"@type":"BreadcrumbList","@id":"https:\/\/bellesguardgaudi.com\/ca\/saps-que-bellesguard-abans-de-gaudi-guarida-i-academia-part-iii\/#breadcrumb","itemListElement":[{"@type":"ListItem","position":1,"name":"Portada","item":"https:\/\/bellesguardgaudi.com\/ca\/"},{"@type":"ListItem","position":2,"name":"Saps qu\u00e8? Bellesguard ABANS de Gaud\u00ed, Guarida i Acad\u00e8mia. Part III"}]},{"@type":"WebSite","@id":"https:\/\/bellesguardgaudi.com\/ca\/#website","url":"https:\/\/bellesguardgaudi.com\/ca\/","name":"Obra Modernista de Antoni Gaud\u00ed en Barcelona | Torre Bellesguard","description":"Web oficial de la Torre Bellesguard. Una de las obras m\u00e1s personales del arquitecto modernista Gaud\u00ed en Barcelona. \u00a1Vis\u00edtala sin colas ni aglomeraciones!","potentialAction":[{"@type":"SearchAction","target":{"@type":"EntryPoint","urlTemplate":"https:\/\/bellesguardgaudi.com\/ca\/?s={search_term_string}"},"query-input":{"@type":"PropertyValueSpecification","valueRequired":true,"valueName":"search_term_string"}}],"inLanguage":"ca"},{"@type":"Person","@id":"https:\/\/bellesguardgaudi.com\/ca\/#\/schema\/person\/57a35d8075a6142d4d7ef9ebd8586c79","name":"Torre Bellesguard","image":{"@type":"ImageObject","inLanguage":"ca","@id":"https:\/\/secure.gravatar.com\/avatar\/af6277d0e6df1d2b58dacb18fc37ab8a5a51ef5399cb7e7fe29bdd1381b832ff?s=96&d=mm&r=g","url":"https:\/\/secure.gravatar.com\/avatar\/af6277d0e6df1d2b58dacb18fc37ab8a5a51ef5399cb7e7fe29bdd1381b832ff?s=96&d=mm&r=g","contentUrl":"https:\/\/secure.gravatar.com\/avatar\/af6277d0e6df1d2b58dacb18fc37ab8a5a51ef5399cb7e7fe29bdd1381b832ff?s=96&d=mm&r=g","caption":"Torre Bellesguard"}}]}},"_links":{"self":[{"href":"https:\/\/bellesguardgaudi.com\/ca\/wp-json\/wp\/v2\/posts\/68619","targetHints":{"allow":["GET"]}}],"collection":[{"href":"https:\/\/bellesguardgaudi.com\/ca\/wp-json\/wp\/v2\/posts"}],"about":[{"href":"https:\/\/bellesguardgaudi.com\/ca\/wp-json\/wp\/v2\/types\/post"}],"author":[{"embeddable":true,"href":"https:\/\/bellesguardgaudi.com\/ca\/wp-json\/wp\/v2\/users\/6"}],"replies":[{"embeddable":true,"href":"https:\/\/bellesguardgaudi.com\/ca\/wp-json\/wp\/v2\/comments?post=68619"}],"version-history":[{"count":3,"href":"https:\/\/bellesguardgaudi.com\/ca\/wp-json\/wp\/v2\/posts\/68619\/revisions"}],"predecessor-version":[{"id":68858,"href":"https:\/\/bellesguardgaudi.com\/ca\/wp-json\/wp\/v2\/posts\/68619\/revisions\/68858"}],"wp:featuredmedia":[{"embeddable":true,"href":"https:\/\/bellesguardgaudi.com\/ca\/wp-json\/wp\/v2\/media\/68614"}],"wp:attachment":[{"href":"https:\/\/bellesguardgaudi.com\/ca\/wp-json\/wp\/v2\/media?parent=68619"}],"wp:term":[{"taxonomy":"category","embeddable":true,"href":"https:\/\/bellesguardgaudi.com\/ca\/wp-json\/wp\/v2\/categories?post=68619"},{"taxonomy":"post_tag","embeddable":true,"href":"https:\/\/bellesguardgaudi.com\/ca\/wp-json\/wp\/v2\/tags?post=68619"}],"curies":[{"name":"wp","href":"https:\/\/api.w.org\/{rel}","templated":true}]}}